{"id":82634,"date":"2020-04-16T08:17:22","date_gmt":"2020-04-16T12:17:22","guid":{"rendered":"https:\/\/linitiative.ca\/International\/lutte-contre-le-covid-19-labbec-offre-des-masques-et-sensibilise-a-pissy\/"},"modified":"2020-04-16T08:17:22","modified_gmt":"2020-04-16T12:17:22","slug":"lutte-contre-le-covid-19-labbec-offre-des-masques-et-sensibilise-a-pissy","status":"publish","type":"post","link":"https:\/\/linitiative.ca\/International\/lutte-contre-le-covid-19-labbec-offre-des-masques-et-sensibilise-a-pissy\/","title":{"rendered":"\u00a0\u00a0\u00a0\u00a0\u00a0\u00a0 Lutte contre le Covid-19:  L\u2019ABBEC offre des masques et sensibilise \u00e0 Pissy"},"content":{"rendered":"<div class=\"td-post-featured-image\"><a href=\"https:\/\/i2.wp.com\/www.sidwaya.info\/wp-content\/uploads\/2020\/04\/1masq.jpg?fit=900%2C436&amp;ssl=1\" data-caption=\"\"><img loading=\"lazy\" decoding=\"async\" width=\"696\" height=\"337\" class=\"entry-thumb td-modal-image\" src=\"https:\/\/i2.wp.com\/www.sidwaya.info\/wp-content\/uploads\/2020\/04\/1masq.jpg?resize=696%2C337&amp;ssl=1\" srcset=\"https:\/\/i2.wp.com\/www.sidwaya.info\/wp-content\/uploads\/2020\/04\/1masq.jpg?w=900&amp;ssl=1 900w, https:\/\/i2.wp.com\/www.sidwaya.info\/wp-content\/uploads\/2020\/04\/1masq.jpg?resize=300%2C145&amp;ssl=1 300w, https:\/\/i2.wp.com\/www.sidwaya.info\/wp-content\/uploads\/2020\/04\/1masq.jpg?resize=768%2C372&amp;ssl=1 768w, https:\/\/i2.wp.com\/www.sidwaya.info\/wp-content\/uploads\/2020\/04\/1masq.jpg?resize=696%2C337&amp;ssl=1 696w, https:\/\/i2.wp.com\/www.sidwaya.info\/wp-content\/uploads\/2020\/04\/1masq.jpg?resize=867%2C420&amp;ssl=1 867w, https:\/\/i2.wp.com\/www.sidwaya.info\/wp-content\/uploads\/2020\/04\/1masq.jpg?resize=600%2C291&amp;ssl=1 600w\" sizes=\"auto, (max-width: 696px) 100vw, 696px\" alt=\"\" title=\"1masq\"\/><\/a><\/div>\n<p><strong>\u00a0<\/strong><strong>L\u2019apparition du coronavirus a mis en branle un grand mouvement de solidarit\u00e9 au profit des populations d\u00e9favoris\u00e9es.<\/strong> <strong>L\u2019Association burkinab\u00e8 pour le Bien-Etre Collectif (ABBEC) s\u2019est jointe \u00e0 cet \u00e9lan de charit\u00e9 en offrant des masques de protection, du savon et des vivres aux personnes d\u00e9munies du quartier Pissy.<\/strong><\/p>\n<p>Pour contribuer \u00e0 la lutte contre le coronavirus (covid-19), l\u2019Association burkinab\u00e8 pour le Bien-Etre Collectif (ABBEC) a fait don, le \u00a013 avril 2020\u00a0, de masques de protection faciale(cache nez), de boules de savon pour le lavage des mains et de sacs de riz \u00a0\u00e0 ses membres et \u00e0 plusieurs personnes vuln\u00e9rables au quartier Pissy, dans l\u2019arrondissement n\u00b06 de la ville de Ouagadougou. Selon le secr\u00e9taire g\u00e9n\u00e9ral de l\u2019ABBEC, Dr Donald Yanogo, ce don-fait \u00e0 une trentaine de personnes- est une r\u00e9ponse \u00e0 l\u2019appel \u00e0 la solidarit\u00e9 formul\u00e9e par les plus hautes autorit\u00e9s du Burkina Faso et une mani\u00e8re de promouvoir le <em>\u00ab\u00a0mieux vivre ensemble\u00a0\u00bb<\/em> au niveau communautaire. Cela leur permettra, a-t-il ajout\u00e9, un tant soit peu de respecter les mesures recommand\u00e9es afin de se pr\u00e9munir contre l\u2019infection et aussi de supporter \u00a0cette p\u00e9riode difficile \u00a0li\u00e9e au ralentissement de l\u2019activit\u00e9 socio-\u00e9conomique. Pour le Dr Yanogo, \u00a0il est important \u00a0de mobiliser davantage toutes les bonnes volont\u00e9s dans le pays afin de renforcer les efforts individuels et collectifs pr\u00e9conis\u00e9s par les autorit\u00e9s politiques et sanitaires. C\u2019est seulement \u00e0 ce prix, a-t-il conclu, que nous arriverons \u00e0 bouter ensemble et rapidement le Covid-19 hors de nos communaut\u00e9s, pour un retour \u00e0 la normale du fonctionnement social.<\/p>\n<p><strong>Alassane KERE<\/strong><\/p>\n<div class=\"td-a-rec td-a-rec-id-content_bottom tdi_30_1e5 td_block_template_1\"><img loading=\"lazy\" decoding=\"async\" class=\"aligncenter size-full wp-image-9623\" src=\"https:\/\/www.sidwaya.info\/wp-content\/uploads\/2019\/06\/Projet-bannie%CC%80re-Orange-mobile.jpg\" alt=\"\" width=\"728\" height=\"81\"\/><\/div>\n<p>Auteur: BS. Sidwaya<br \/>\n<a href=\"https:\/\/www.sidwaya.info\/blog\/2020\/04\/16\/lutte-contre-le-covid-19-labbec-offre-des-masques-et-sensibilise-a-pissy\/\">Cliquez ici pour lire l&rsquo;article depuis sa source.<\/a><\/p>\n","protected":false},"excerpt":{"rendered":"<p>\u00a0L\u2019apparition du coronavirus a mis en branle un grand mouvement de solidarit\u00e9 au profit des populations d\u00e9favoris\u00e9es. L\u2019Association burkinab\u00e8 pour le Bien-Etre Collectif (ABBEC) s\u2019est jointe \u00e0 cet \u00e9lan de charit\u00e9 en offrant des masques de protection, du savon et des vivres aux personnes d\u00e9munies du quartier Pissy. Pour contribuer \u00e0 la lutte contre le [&hellip;]<\/p>\n","protected":false},"author":1816,"featured_media":0,"comment_status":"closed","ping_status":"closed","sticky":false,"template":"","format":"standard","meta":{"fifu_image_url":"","fifu_image_alt":"","footnotes":""},"categories":[73,81],"tags":[],"class_list":["post-82634","post","type-post","status-publish","format-standard","hentry","category-actualite","category-burkina-faso"],"_links":{"self":[{"href":"https:\/\/linitiative.ca\/International\/wp-json\/wp\/v2\/posts\/82634","targetHints":{"allow":["GET"]}}],"collection":[{"href":"https:\/\/linitiative.ca\/International\/wp-json\/wp\/v2\/posts"}],"about":[{"href":"https:\/\/linitiative.ca\/International\/wp-json\/wp\/v2\/types\/post"}],"author":[{"embeddable":true,"href":"https:\/\/linitiative.ca\/International\/wp-json\/wp\/v2\/users\/1816"}],"replies":[{"embeddable":true,"href":"https:\/\/linitiative.ca\/International\/wp-json\/wp\/v2\/comments?post=82634"}],"version-history":[{"count":0,"href":"https:\/\/linitiative.ca\/International\/wp-json\/wp\/v2\/posts\/82634\/revisions"}],"wp:attachment":[{"href":"https:\/\/linitiative.ca\/International\/wp-json\/wp\/v2\/media?parent=82634"}],"wp:term":[{"taxonomy":"category","embeddable":true,"href":"https:\/\/linitiative.ca\/International\/wp-json\/wp\/v2\/categories?post=82634"},{"taxonomy":"post_tag","embeddable":true,"href":"https:\/\/linitiative.ca\/International\/wp-json\/wp\/v2\/tags?post=82634"}],"curies":[{"name":"wp","href":"https:\/\/api.w.org\/{rel}","templated":true}]}}