{"id":82637,"date":"2020-04-16T12:33:00","date_gmt":"2020-04-16T16:33:00","guid":{"rendered":"https:\/\/linitiative.ca\/International\/cameroun-58-milliards-de-fcfa-pour-combattre-le-covid-19\/"},"modified":"2020-04-16T12:33:00","modified_gmt":"2020-04-16T16:33:00","slug":"cameroun-58-milliards-de-fcfa-pour-combattre-le-covid-19","status":"publish","type":"post","link":"https:\/\/linitiative.ca\/International\/cameroun-58-milliards-de-fcfa-pour-combattre-le-covid-19\/","title":{"rendered":"Cameroun: 58 milliards de FCFA pour combattre le Covid-19"},"content":{"rendered":"<div readability=\"32\">\n<p>Publi\u00e9 le 16.04.2020 \u00e0 17h33 par Christian Djimadeu<\/p>\n<\/div>\n<div readability=\"46\">\n<h2 class=\"c4\">R\u00e9v\u00e9lation du ministre de la Sant\u00e9 ce 16 avril 2020 devant les d\u00e9put\u00e9s \u00e0 l\u2019Assembl\u00e9e nationale.<\/h2>\n<p class=\"c5\"><strong>Manaouda Malachie<\/strong> \u00e9tait face aux d\u00e9put\u00e9s ce 16 avril \u00e0 l\u2019Assembl\u00e9e nationale. Sur le montant du budget d\u00e9ploy\u00e9 par l\u2019Etat pour lutter contre la pand\u00e9mie du <strong>Covid-19<\/strong>, le ministre de la Sant\u00e9 publique a avanc\u00e9 le montant de 58 milliards de FCFA.<\/p>\n<p class=\"c5\">La repr\u00e9sentation nationale s\u2019est int\u00e9ress\u00e9e au nombre de personnes infect\u00e9es par le Covid-19, le ministre de la Sant\u00e9 publique qui avait interrompu le d\u00e9compte quotidien des cas, a laiss\u00e9 entendre que 922 cas sont\u00a0 ce jour d\u00e9tect\u00e9s positifs sur le triangle national.<\/p>\n<p class=\"c5\">Sur le terrain de la riposte, Manaouda Malachie \u00a0affirme la capacit\u00e9 maximale des tests est \u00e0 ce jour de 18 900. Toutefois 300 000 tests sont command\u00e9s et leur livraison est attendue le 18 avril prochain tout comme 100 respirateurs.<\/p>\n<\/div>\n<p>Auteur: Christian DJIMADEU<br \/>\n<a href=\"https:\/\/www.journalducameroun.com\/362976-2-cameroun\/\">Cliquez ici pour lire l&rsquo;article depuis sa source.<\/a><\/p>\n","protected":false},"excerpt":{"rendered":"<p>Publi\u00e9 le 16.04.2020 \u00e0 17h33 par Christian Djimadeu R\u00e9v\u00e9lation du ministre de la Sant\u00e9 ce 16 avril 2020 devant les d\u00e9put\u00e9s \u00e0 l\u2019Assembl\u00e9e nationale. Manaouda Malachie \u00e9tait face aux d\u00e9put\u00e9s ce 16 avril \u00e0 l\u2019Assembl\u00e9e nationale. Sur le montant du budget d\u00e9ploy\u00e9 par l\u2019Etat pour lutter contre la pand\u00e9mie du Covid-19, le ministre de la [&hellip;]<\/p>\n","protected":false},"author":1965,"featured_media":0,"comment_status":"closed","ping_status":"closed","sticky":false,"template":"","format":"standard","meta":{"fifu_image_url":"","fifu_image_alt":"","footnotes":""},"categories":[73,82],"tags":[],"class_list":["post-82637","post","type-post","status-publish","format-standard","hentry","category-actualite","category-cameroun"],"_links":{"self":[{"href":"https:\/\/linitiative.ca\/International\/wp-json\/wp\/v2\/posts\/82637","targetHints":{"allow":["GET"]}}],"collection":[{"href":"https:\/\/linitiative.ca\/International\/wp-json\/wp\/v2\/posts"}],"about":[{"href":"https:\/\/linitiative.ca\/International\/wp-json\/wp\/v2\/types\/post"}],"author":[{"embeddable":true,"href":"https:\/\/linitiative.ca\/International\/wp-json\/wp\/v2\/users\/1965"}],"replies":[{"embeddable":true,"href":"https:\/\/linitiative.ca\/International\/wp-json\/wp\/v2\/comments?post=82637"}],"version-history":[{"count":0,"href":"https:\/\/linitiative.ca\/International\/wp-json\/wp\/v2\/posts\/82637\/revisions"}],"wp:attachment":[{"href":"https:\/\/linitiative.ca\/International\/wp-json\/wp\/v2\/media?parent=82637"}],"wp:term":[{"taxonomy":"category","embeddable":true,"href":"https:\/\/linitiative.ca\/International\/wp-json\/wp\/v2\/categories?post=82637"},{"taxonomy":"post_tag","embeddable":true,"href":"https:\/\/linitiative.ca\/International\/wp-json\/wp\/v2\/tags?post=82637"}],"curies":[{"name":"wp","href":"https:\/\/api.w.org\/{rel}","templated":true}]}}