{"id":82639,"date":"2020-04-16T14:18:03","date_gmt":"2020-04-16T18:18:03","guid":{"rendered":"https:\/\/linitiative.ca\/International\/guinee-la-filiere-anacarde-affectee-par-le-covid-19\/"},"modified":"2020-04-16T14:18:03","modified_gmt":"2020-04-16T18:18:03","slug":"guinee-la-filiere-anacarde-affectee-par-le-covid-19","status":"publish","type":"post","link":"https:\/\/linitiative.ca\/International\/guinee-la-filiere-anacarde-affectee-par-le-covid-19\/","title":{"rendered":"Guin\u00e9e : la fili\u00e8re anacarde affect\u00e9e par le Covid-19"},"content":{"rendered":"<div readability=\"32\">\n<p>Publi\u00e9 le 16.04.2020 \u00e0 19h18 par APA News<\/p>\n<\/div>\n<div readability=\"108\">\n<p>Comme plusieurs autres secteurs en Guin\u00e9e, la fili\u00e8re anacarde est \u00e9galement touch\u00e9e de plein fouet par la pand\u00e9mie de coronavirus.Les producteurs guin\u00e9ens d\u2019anacarde se plaignent de la raret\u00e9 desclients. Lanc\u00e9e le 02 avril dernier, par le minist\u00e8re du Commerce, lacampagne de commercialisation l\u2019anacarde n\u2019a pas connu son affluencehabituelle \u00e0 cause de la crise sanitaire qui secoue le monde.<\/p>\n<p>A Bok\u00e9, une ville situ\u00e9e \u00e0 plus de 300 km de Conakry, le prix dukilogramme de la noix de cajou se n\u00e9gocie entre 2 500 et 3 500 GNF,contrairement aux ann\u00e9es pr\u00e9c\u00e9dentes quand il se c\u00e9dait \u00e0 plus de15.000 GNF. Une situation qui aujourd\u2019hui, inqui\u00e8te les producteurslocaux qui ont du mal, nonobstant la baisse du prix, \u00e0 \u00e9couler leursproductions.<\/p>\n<p>\u00ab Cette ann\u00e9e, on rencontre \u00e9norm\u00e9ment de difficult\u00e9s par rapport \u00e0 lavente d\u2019acajou. Parce que les acheteurs ne sont pas venus \u00e0 cause dela maudite maladie du Covid-19. Il y a beaucoup d\u2019acajous, mais il yen n\u2019a pas d\u2019acheteurs. Pourtant le prix a beaucoup baiss\u00e9 \u00bb, se lamenteAlpha Camara, vendeur, qui indique que le prix du kilo ne d\u00e9passe pasaujourd\u2019hui 3 500 GNF.<\/p>\n<p>\u00ab Avant les Indiens, les Chinois, les Arabes, tous venaient acheter. Maiscette fois-ci, ils ne sont pas venus, ce qui fait que le prix abeaucoup baiss\u00e9 \u00bb, a-t-il ajout\u00e9.<\/p>\n<p>Il faut rappeler qu\u2019aujourd\u2019hui, les producteurs d\u2019anacarde sont aussiconfront\u00e9s \u00e0 la fermeture des fronti\u00e8res terrestres depuis laconfirmation du Covid-19 en Guin\u00e9e.<\/p>\n<p>\u00a0\u00ab Nous prions Dieu pour que cettemaladie finisse rapidement. Sinon, ce n\u2019est pas bon du tout pour nouset nos familles \u00bb, s\u2019inqui\u00e8te-t-il.<\/p>\n<p>Par ailleurs, parmi les rares acheteurs locaux, Mory Sidib\u00e9. Selonlui, la pr\u00e9sence d\u2018acheteurs \u00e9trangers dans les march\u00e9s guin\u00e9ensincitait les vendeurs \u00e0 faire des prix fantaisistes.\u00a0<\/p>\n<p>\u00a0\u00ab Avant, c\u2019estnous qui nous h\u00e2tions \u00e0 aller vers les vendeurs, mais maintenant c\u2019est le contraire. Je crois que l\u2019absence des \u00e9trangers et la fermeture des fronti\u00e8res nous ont beaucoup arrang\u00e9s. Aujourd\u2019hui on ach\u00e8te l\u2019acajou \u00e0un prix tr\u00e8s abordable, \u00e0 3.500 GNF, dans certains endroits m\u00eame c\u2019est moins que \u00e7a \u00bb, a-t-il laiss\u00e9 entendre.<\/p>\n<p>Pour venir en aide aux producteurs, l\u2019Etat doit r\u00e9agir, estime Elhadj Mamadou Alimou Diallo, pr\u00e9sident de la Chambre r\u00e9gionale de commerce de Bok\u00e9.<\/p>\n<p>\u00abL\u2019Etat peut aujourd\u2019hui venir sur le terrain acheter l\u2019anacarde. L\u2019Etat peut acheter le kilo de 5000 \u00e0 10.000 GNF. Il peut acheter \u00e0 un prix raisonnable et lib\u00e9rer ainsi les paysans pour qu\u2019ils puissent en vivre. \u00a0Mais si les acheteurs ne viennent pas, l\u2019Etat ne vient pas en aide, comment les gens vont faire ? Comment vont faire les producteurs qui ne comptaient que sur \u00e7a pour vivre ? Aujourd\u2019hui, les prix des denr\u00e9es ne font que grimper et bient\u00f4t le mois de Ramadan \u00bb, s\u2019inqui\u00e8te Diallo.<\/p>\n<\/div>\n<p>Auteur: APA News<br \/>\n<a href=\"https:\/\/www.journalducameroun.com\/guinee-la-filiere-anacarde-affectee-par-le-covid-19\/\">Cliquez ici pour lire l&rsquo;article depuis sa source.<\/a><\/p>\n","protected":false},"excerpt":{"rendered":"<p>Publi\u00e9 le 16.04.2020 \u00e0 19h18 par APA News Comme plusieurs autres secteurs en Guin\u00e9e, la fili\u00e8re anacarde est \u00e9galement touch\u00e9e de plein fouet par la pand\u00e9mie de coronavirus.Les producteurs guin\u00e9ens d\u2019anacarde se plaignent de la raret\u00e9 desclients. Lanc\u00e9e le 02 avril dernier, par le minist\u00e8re du Commerce, lacampagne de commercialisation l\u2019anacarde n\u2019a pas connu son [&hellip;]<\/p>\n","protected":false},"author":1965,"featured_media":0,"comment_status":"closed","ping_status":"closed","sticky":false,"template":"","format":"standard","meta":{"fifu_image_url":"","fifu_image_alt":"","footnotes":""},"categories":[73,82],"tags":[],"class_list":["post-82639","post","type-post","status-publish","format-standard","hentry","category-actualite","category-cameroun"],"_links":{"self":[{"href":"https:\/\/linitiative.ca\/International\/wp-json\/wp\/v2\/posts\/82639","targetHints":{"allow":["GET"]}}],"collection":[{"href":"https:\/\/linitiative.ca\/International\/wp-json\/wp\/v2\/posts"}],"about":[{"href":"https:\/\/linitiative.ca\/International\/wp-json\/wp\/v2\/types\/post"}],"author":[{"embeddable":true,"href":"https:\/\/linitiative.ca\/International\/wp-json\/wp\/v2\/users\/1965"}],"replies":[{"embeddable":true,"href":"https:\/\/linitiative.ca\/International\/wp-json\/wp\/v2\/comments?post=82639"}],"version-history":[{"count":0,"href":"https:\/\/linitiative.ca\/International\/wp-json\/wp\/v2\/posts\/82639\/revisions"}],"wp:attachment":[{"href":"https:\/\/linitiative.ca\/International\/wp-json\/wp\/v2\/media?parent=82639"}],"wp:term":[{"taxonomy":"category","embeddable":true,"href":"https:\/\/linitiative.ca\/International\/wp-json\/wp\/v2\/categories?post=82639"},{"taxonomy":"post_tag","embeddable":true,"href":"https:\/\/linitiative.ca\/International\/wp-json\/wp\/v2\/tags?post=82639"}],"curies":[{"name":"wp","href":"https:\/\/api.w.org\/{rel}","templated":true}]}}