{"id":82640,"date":"2020-04-16T17:18:03","date_gmt":"2020-04-16T21:18:03","guid":{"rendered":"https:\/\/linitiative.ca\/International\/covid-19-le-botswana-decongestionne-les-prisons-et-effectue-des-tests-communautaires\/"},"modified":"2020-04-16T17:18:03","modified_gmt":"2020-04-16T21:18:03","slug":"covid-19-le-botswana-decongestionne-les-prisons-et-effectue-des-tests-communautaires","status":"publish","type":"post","link":"https:\/\/linitiative.ca\/International\/covid-19-le-botswana-decongestionne-les-prisons-et-effectue-des-tests-communautaires\/","title":{"rendered":"Covid-19: Le Botswana d\u00e9congestionne les prisons et effectue des tests communautaires"},"content":{"rendered":"<div readability=\"32\">\n<p>Publi\u00e9 le 16.04.2020 \u00e0 22h18 par APA News<\/p>\n<\/div>\n<div readability=\"58\">\n<p>Le pr\u00e9sident du Botswana, Mokgweetsi Masisi, a accord\u00e9 une gr\u00e2ce pr\u00e9sidentielle \u00e0 149 d\u00e9tenus condamn\u00e9s, dans le cadre de mesures visant \u00e0 limiter la propagation du coronavirus, ont annonc\u00e9 jeudi des responsables de la prison.La porte-parole des prisons du Botswana, Warona Ramolefhe, a d\u00e9clar\u00e9 que les prisonniers avaient \u00e9t\u00e9 lib\u00e9r\u00e9s mercredi, \u00e0 un moment o\u00f9 Masisi s\u2019appr\u00eatait \u00a0d\u00e9congestionner les prisons.<\/p>\n<p>Warona Ramolefhe s\u2019exprimait au moment o\u00f9 le ministre de la Sant\u00e9, Lemogang Kwape faisait \u00a0\u00e9galement part de son intention de mener \u00e0 travers le pays, des tests communautaires pour le coronavirus.<\/p>\n<p>S\u2019adressant \u00e0 la nation \u00e0 la t\u00e9l\u00e9vision nationale, Kwape a d\u00e9clar\u00e9 que cette d\u00e9cision \u00e9tait rendue n\u00e9cessaire par le fait que, jusqu\u2019\u00e0 pr\u00e9sent, le Botswana n\u2019a enregistr\u00e9 que deux cas de transmission locale de COVID-19, une maladie respiratoire aigu\u00eb caus\u00e9e par le coronavirus.<\/p>\n<p>Le Botswana a enregistr\u00e9 jusqu\u2019\u00e0 pr\u00e9sent 15 cas de coronavirus.<\/p>\n<\/div>\n<p>Auteur: APA News<br \/>\n<a href=\"https:\/\/www.journalducameroun.com\/covid-19-le-botswana-decongestionne-les-prisons-et-effectue-des-tests-communautaires\/\">Cliquez ici pour lire l&rsquo;article depuis sa source.<\/a><\/p>\n","protected":false},"excerpt":{"rendered":"<p>Publi\u00e9 le 16.04.2020 \u00e0 22h18 par APA News Le pr\u00e9sident du Botswana, Mokgweetsi Masisi, a accord\u00e9 une gr\u00e2ce pr\u00e9sidentielle \u00e0 149 d\u00e9tenus condamn\u00e9s, dans le cadre de mesures visant \u00e0 limiter la propagation du coronavirus, ont annonc\u00e9 jeudi des responsables de la prison.La porte-parole des prisons du Botswana, Warona Ramolefhe, a d\u00e9clar\u00e9 que les prisonniers [&hellip;]<\/p>\n","protected":false},"author":1965,"featured_media":0,"comment_status":"closed","ping_status":"closed","sticky":false,"template":"","format":"standard","meta":{"fifu_image_url":"","fifu_image_alt":"","footnotes":""},"categories":[73,82],"tags":[],"class_list":["post-82640","post","type-post","status-publish","format-standard","hentry","category-actualite","category-cameroun"],"_links":{"self":[{"href":"https:\/\/linitiative.ca\/International\/wp-json\/wp\/v2\/posts\/82640","targetHints":{"allow":["GET"]}}],"collection":[{"href":"https:\/\/linitiative.ca\/International\/wp-json\/wp\/v2\/posts"}],"about":[{"href":"https:\/\/linitiative.ca\/International\/wp-json\/wp\/v2\/types\/post"}],"author":[{"embeddable":true,"href":"https:\/\/linitiative.ca\/International\/wp-json\/wp\/v2\/users\/1965"}],"replies":[{"embeddable":true,"href":"https:\/\/linitiative.ca\/International\/wp-json\/wp\/v2\/comments?post=82640"}],"version-history":[{"count":0,"href":"https:\/\/linitiative.ca\/International\/wp-json\/wp\/v2\/posts\/82640\/revisions"}],"wp:attachment":[{"href":"https:\/\/linitiative.ca\/International\/wp-json\/wp\/v2\/media?parent=82640"}],"wp:term":[{"taxonomy":"category","embeddable":true,"href":"https:\/\/linitiative.ca\/International\/wp-json\/wp\/v2\/categories?post=82640"},{"taxonomy":"post_tag","embeddable":true,"href":"https:\/\/linitiative.ca\/International\/wp-json\/wp\/v2\/tags?post=82640"}],"curies":[{"name":"wp","href":"https:\/\/api.w.org\/{rel}","templated":true}]}}