{"id":82642,"date":"2020-04-16T11:44:57","date_gmt":"2020-04-16T15:44:57","guid":{"rendered":"https:\/\/linitiative.ca\/International\/coronavirus-le-minsante-en-colere-contre-la-facturation-de-la-prise-en-charge\/"},"modified":"2020-04-16T11:44:57","modified_gmt":"2020-04-16T15:44:57","slug":"coronavirus-le-minsante-en-colere-contre-la-facturation-de-la-prise-en-charge","status":"publish","type":"post","link":"https:\/\/linitiative.ca\/International\/coronavirus-le-minsante-en-colere-contre-la-facturation-de-la-prise-en-charge\/","title":{"rendered":"Coronavirus : le Minsant\u00e9 en col\u00e8re contre la facturation de la prise en charge"},"content":{"rendered":"<div id=\"the-post\">\n<div class=\"featured-area featured-area-inner\" readability=\"7\"><img loading=\"lazy\" decoding=\"async\" width=\"696\" height=\"393\" src=\"https:\/\/ecomatin.net\/wp-content\/uploads\/2020\/04\/assembl%C3%A9e-nationale.jpg\" class=\"attachment-jannah-image-post size-jannah-image-post wp-post-image\" alt=\"Les d&#xE9;put&#xE9;s ont &#xE9;t&#xE9; inform&#xE9;s du plan de riposte au Covid-19\" srcset=\"https:\/\/ecomatin.net\/wp-content\/uploads\/2020\/04\/assembl&#xE9;e-nationale.jpg 696w, https:\/\/ecomatin.net\/wp-content\/uploads\/2020\/04\/assembl&#xE9;e-nationale-300x169.jpg 300w, https:\/\/ecomatin.net\/wp-content\/uploads\/2020\/04\/assembl&#xE9;e-nationale-390x220.jpg 390w\" sizes=\"auto, (max-width: 696px) 100vw, 696px\" data-attachment-id=\"15128\" data-permalink=\"https:\/\/ecomatin.net\/coronavirus-le-minsante-en-colere-contre-la-facturation-de-la-prise-en-charge\/assemblee-nationale-2\/\" data-orig-file=\"https:\/\/ecomatin.net\/wp-content\/uploads\/2020\/04\/assembl&#xE9;e-nationale.jpg\" data-orig-size=\"696,393\" data-comments-opened=\"0\" data-image-meta=\"{&quot;aperture&quot;:&quot;0&quot;,&quot;credit&quot;:&quot;&quot;,&quot;camera&quot;:&quot;&quot;,&quot;caption&quot;:&quot;&quot;,&quot;created_timestamp&quot;:&quot;0&quot;,&quot;copyright&quot;:&quot;&quot;,&quot;focal_length&quot;:&quot;0&quot;,&quot;iso&quot;:&quot;0&quot;,&quot;shutter_speed&quot;:&quot;0&quot;,&quot;title&quot;:&quot;&quot;,&quot;orientation&quot;:&quot;0&quot;}\" data-image-title=\"assembl&#xE9;e nationale\" data-image-description=\"&lt;p&gt;Les d&#xE9;put&#xE9;s ont &#xE9;t&#xE9; inform&#xE9;s du plan de riposte au Covid-19&lt;\/p&gt;\" data-medium-file=\"https:\/\/ecomatin.net\/wp-content\/uploads\/2020\/04\/assembl&#xE9;e-nationale-300x169.jpg\" data-large-file=\"https:\/\/ecomatin.net\/wp-content\/uploads\/2020\/04\/assembl&#xE9;e-nationale.jpg\"\/> Les d\u00e9put\u00e9s ont \u00e9t\u00e9 inform\u00e9s du plan de riposte au Covid-19<\/div>\n<div class=\"entry-content entry clearfix\" readability=\"48.5800351803\">\n<p>C\u2019est dans une lettre circulaire sign\u00e9e le 16 avril 2020, que le ministre de la Sant\u00e9 publique (Minsant\u00e9) a voulu faire savoir \u00e0 certains de ses collaborateurs son courroux. Dr Manaouda Malachie a en effet \u00e9crit aux d\u00e9l\u00e9gu\u00e9s r\u00e9gionaux de la Sant\u00e9 publique, aux responsables des formations sanitaires et \u00e0 ceux des laboratoires agr\u00e9\u00e9s pour le diagnostic du Covid-19 pour les rappeler \u00e0 l\u2019ordre en ce qui concerne la prise en charge des Camerounais atteints de cette maladie.<\/p>\n<p>Apr\u00e8s avoir constat\u00e9 \u00ab\u00a0des man\u0153uvres peu recommandables dans la gestion de la pand\u00e9mie du Covid-19 notamment en mati\u00e8re de diagnostic et de prise en charge\u00a0\u00bb, le ministre de la Sant\u00e9 publique souligne que ces man\u0153uvres sont, entre autres la facturation syst\u00e9matique des services tels que les tests de confirmation, les hospitalisations, l\u2019administration des diff\u00e9rents produits m\u00e9dicaux ou encore le recours syst\u00e9matique \u00e0 certains examens m\u00e9dicaux.<\/p>\n<p>Et Dr Manaouda Malachie d\u2019instruire aux responsables des diff\u00e9rentes structures concern\u00e9es de \u00ab\u00a0toutes les dispositions utiles pour que tous les services li\u00e9s \u00e0 la prise en charge du Covid-19, sans exception, soient offerts aux patients sans aucune contrepartie financi\u00e8re\u00a0\u00bb. L\u2019injonction, pr\u00e9cise le Minsant\u00e9, devra \u00eatre r\u00e9percut\u00e9e dans toutes les unit\u00e9s au sein des formations sanitaires vis\u00e9es, afin que le principe de gratuit\u00e9 soit respect\u00e9.<\/p>\n<p>Les responsables \u00e0 qui le ministre de la Sant\u00e9 publique remonte ainsi les bretelles sont par ailleurs invit\u00e9s \u00e0 lui faire parvenir un aper\u00e7u de leurs besoins en mati\u00e8re de prise en charge des patients du Covid-19 sous 48 heures, c\u2019est-\u00e0-dire au plus tard le 17 avril.<\/p>\n<div class=\"awac-wrapper awac widget posts-list-widget-13\">\n<h4 class=\"widget-title\">Recent Posts<\/h4>\n<\/div>\n<\/div>\n<\/div>\n<div readability=\"31.5\">\n<div class=\"container-wrapper subscribe-widget widget-inner-wrap subscribe-widget-content\" id=\"post-newsletter\" readability=\"33\">\n<h4>With Product You Purchase<\/h4>\n<h3>Subscribe to our mailing list to get the new updates!<\/h3>\n<p>Lorem ipsum dolor sit amet, consectetur.<\/p>\n<\/div>\n<\/div>\n<p>Auteur: EcoMatin<br \/>\n<a href=\"https:\/\/ecomatin.net\/coronavirus-le-minsante-en-colere-contre-la-facturation-de-la-prise-en-charge\/\">Cliquez ici pour lire l&rsquo;article depuis sa source.<\/a><\/p>\n","protected":false},"excerpt":{"rendered":"<p>Les d\u00e9put\u00e9s ont \u00e9t\u00e9 inform\u00e9s du plan de riposte au Covid-19 C\u2019est dans une lettre circulaire sign\u00e9e le 16 avril 2020, que le ministre de la Sant\u00e9 publique (Minsant\u00e9) a voulu faire savoir \u00e0 certains de ses collaborateurs son courroux. Dr Manaouda Malachie a en effet \u00e9crit aux d\u00e9l\u00e9gu\u00e9s r\u00e9gionaux de la Sant\u00e9 publique, aux [&hellip;]<\/p>\n","protected":false},"author":1969,"featured_media":0,"comment_status":"closed","ping_status":"closed","sticky":false,"template":"","format":"standard","meta":{"fifu_image_url":"","fifu_image_alt":"","footnotes":""},"categories":[82,78],"tags":[],"class_list":["post-82642","post","type-post","status-publish","format-standard","hentry","category-cameroun","category-economie"],"_links":{"self":[{"href":"https:\/\/linitiative.ca\/International\/wp-json\/wp\/v2\/posts\/82642","targetHints":{"allow":["GET"]}}],"collection":[{"href":"https:\/\/linitiative.ca\/International\/wp-json\/wp\/v2\/posts"}],"about":[{"href":"https:\/\/linitiative.ca\/International\/wp-json\/wp\/v2\/types\/post"}],"author":[{"embeddable":true,"href":"https:\/\/linitiative.ca\/International\/wp-json\/wp\/v2\/users\/1969"}],"replies":[{"embeddable":true,"href":"https:\/\/linitiative.ca\/International\/wp-json\/wp\/v2\/comments?post=82642"}],"version-history":[{"count":0,"href":"https:\/\/linitiative.ca\/International\/wp-json\/wp\/v2\/posts\/82642\/revisions"}],"wp:attachment":[{"href":"https:\/\/linitiative.ca\/International\/wp-json\/wp\/v2\/media?parent=82642"}],"wp:term":[{"taxonomy":"category","embeddable":true,"href":"https:\/\/linitiative.ca\/International\/wp-json\/wp\/v2\/categories?post=82642"},{"taxonomy":"post_tag","embeddable":true,"href":"https:\/\/linitiative.ca\/International\/wp-json\/wp\/v2\/tags?post=82642"}],"curies":[{"name":"wp","href":"https:\/\/api.w.org\/{rel}","templated":true}]}}