{"id":82645,"date":"2020-04-16T16:28:21","date_gmt":"2020-04-16T20:28:21","guid":{"rendered":"https:\/\/linitiative.ca\/International\/nouvelle-menace-de-greve-generale-illimitee-des-transporteurs\/"},"modified":"2020-04-16T16:28:21","modified_gmt":"2020-04-16T20:28:21","slug":"nouvelle-menace-de-greve-generale-illimitee-des-transporteurs","status":"publish","type":"post","link":"https:\/\/linitiative.ca\/International\/nouvelle-menace-de-greve-generale-illimitee-des-transporteurs\/","title":{"rendered":"Nouvelle menace de gr\u00e8ve g\u00e9n\u00e9rale illimit\u00e9e des transporteurs"},"content":{"rendered":"<div id=\"the-post\">\n<div class=\"featured-area featured-area-inner\" readability=\"7\"><img loading=\"lazy\" decoding=\"async\" width=\"780\" height=\"440\" src=\"https:\/\/ecomatin.net\/wp-content\/uploads\/2020\/04\/transports.jpg\" class=\"attachment-jannah-image-post size-jannah-image-post wp-post-image\" alt=\"les transporteurs &#xE0; Yaound&#xE9;\" srcset=\"https:\/\/ecomatin.net\/wp-content\/uploads\/2020\/04\/transports.jpg 780w, https:\/\/ecomatin.net\/wp-content\/uploads\/2020\/04\/transports-300x169.jpg 300w, https:\/\/ecomatin.net\/wp-content\/uploads\/2020\/04\/transports-768x433.jpg 768w, https:\/\/ecomatin.net\/wp-content\/uploads\/2020\/04\/transports-390x220.jpg 390w\" sizes=\"auto, (max-width: 780px) 100vw, 780px\" data-attachment-id=\"15139\" data-permalink=\"https:\/\/ecomatin.net\/nouvelle-menace-de-greve-generale-illimitee-des-transporteurs\/transports\/\" data-orig-file=\"https:\/\/ecomatin.net\/wp-content\/uploads\/2020\/04\/transports.jpg\" data-orig-size=\"780,440\" data-comments-opened=\"0\" data-image-meta=\"{&quot;aperture&quot;:&quot;0&quot;,&quot;credit&quot;:&quot;&quot;,&quot;camera&quot;:&quot;&quot;,&quot;caption&quot;:&quot;&quot;,&quot;created_timestamp&quot;:&quot;0&quot;,&quot;copyright&quot;:&quot;&quot;,&quot;focal_length&quot;:&quot;0&quot;,&quot;iso&quot;:&quot;0&quot;,&quot;shutter_speed&quot;:&quot;0&quot;,&quot;title&quot;:&quot;&quot;,&quot;orientation&quot;:&quot;0&quot;}\" data-image-title=\"transports\" data-image-description=\"\" data-medium-file=\"https:\/\/ecomatin.net\/wp-content\/uploads\/2020\/04\/transports-300x169.jpg\" data-large-file=\"https:\/\/ecomatin.net\/wp-content\/uploads\/2020\/04\/transports.jpg\"\/> Les transporteurs veulent des mesures d\u2019accompagnement<\/div>\n<div class=\"entry-content entry clearfix\" readability=\"43.2287780738\">\n<p>Apr\u00e8s la suspension de la gr\u00e8ve g\u00e9n\u00e9rale illimit\u00e9e annonc\u00e9e par les transporteurs routiers pour le 6 avril 2020, certains acteurs du secteur reviennent \u00e0 la charge. Regroup\u00e9s au sein du Collectif des travailleurs indign\u00e9s du secteur des transports routiers, ils ont en effet adress\u00e9 une correspondance au ministre des Transports, Jean Ernest Massena Ngalle Bibehe, le 13 avril 2020. Ces travailleurs affirment \u00eatre \u00ab asphyxi\u00e9s par les mesures barri\u00e8res prises le 23 mars 2020 par le ministre des Transports en vue de lutter contre la propagation de la pand\u00e9mie du Covid-19 \u00bb. Ils annoncent \u00e0 l\u2019endroit du membre du gouvernement leur \u00ab\u00a0intention de faire une gr\u00e8ve illimit\u00e9e d\u00e8s le lundi 20 avril 2020 sur l\u2019ensemble du territoire national \u00bb.<\/p>\n<p>Comme contenu dans le pr\u00e9avis de gr\u00e8ve g\u00e9n\u00e9rale d\u00e9pos\u00e9 le 30 mars 2020, sur la table du Premier ministre par\u00a0les pr\u00e9sidents des syndicats nationaux des transporteurs routiers du Cameroun, ce groupe de personnes qui se pr\u00e9sente comme \u00ab un Collectif de fait repr\u00e9sentant la base \u00bb revendique \u00ab la lib\u00e9ration sans condition de [leurs] camarades ainsi que des v\u00e9hicules interpell\u00e9s dans le cadre de l\u2019op\u00e9ration de lutte contre la propagation du coronavirus dans le secteur des transports\u00a0\u00bb.<\/p>\n<p>Ils exigent \u00e9galement la baisse des prix des carburants \u00e0 la pompe (Super : 400 FCFA et Gasoil : 550 FCFA) pour compenser le manque \u00e0 gagner caus\u00e9 par la r\u00e9duction du nombre de places admises dans les v\u00e9hicules de transport en commun. La mise en \u0153uvre d\u2019un plan de protection des conducteurs en activit\u00e9s contre le Covid-19 et l\u2019exon\u00e9ration du paiement de toutes les taxes en lien avec les activit\u00e9s font, entre autres, partie de leurs revendications. Ils souhaitent par ailleurs \u00ab une couverture des conducteurs en activit\u00e9s pouvant \u00eatre atteints dans l\u2019exercice de leur fonction par le Covid-19 d\u2019une police d\u2019assurance-sant\u00e9, la r\u00e9duction du co\u00fbt d l\u2019assurance des v\u00e9hicules de 50% \u00bb.\u00a0<\/p>\n<div class=\"awac-wrapper awac widget posts-list-widget-13\">\n<h4 class=\"widget-title\">Recent Posts<\/h4>\n<\/div>\n<\/div>\n<\/div>\n<div readability=\"31.5\">\n<div class=\"container-wrapper subscribe-widget widget-inner-wrap subscribe-widget-content\" id=\"post-newsletter\" readability=\"33\">\n<h4>With Product You Purchase<\/h4>\n<h3>Subscribe to our mailing list to get the new updates!<\/h3>\n<p>Lorem ipsum dolor sit amet, consectetur.<\/p>\n<\/div>\n<\/div>\n<p>Auteur: EcoMatin<br \/>\n<a href=\"https:\/\/ecomatin.net\/nouvelle-menace-de-greve-generale-illimitee-des-transporteurs\/\">Cliquez ici pour lire l&rsquo;article depuis sa source.<\/a><\/p>\n","protected":false},"excerpt":{"rendered":"<p>Les transporteurs veulent des mesures d\u2019accompagnement Apr\u00e8s la suspension de la gr\u00e8ve g\u00e9n\u00e9rale illimit\u00e9e annonc\u00e9e par les transporteurs routiers pour le 6 avril 2020, certains acteurs du secteur reviennent \u00e0 la charge. Regroup\u00e9s au sein du Collectif des travailleurs indign\u00e9s du secteur des transports routiers, ils ont en effet adress\u00e9 une correspondance au ministre des [&hellip;]<\/p>\n","protected":false},"author":1969,"featured_media":0,"comment_status":"closed","ping_status":"closed","sticky":false,"template":"","format":"standard","meta":{"fifu_image_url":"","fifu_image_alt":"","footnotes":""},"categories":[82,78],"tags":[],"class_list":["post-82645","post","type-post","status-publish","format-standard","hentry","category-cameroun","category-economie"],"_links":{"self":[{"href":"https:\/\/linitiative.ca\/International\/wp-json\/wp\/v2\/posts\/82645","targetHints":{"allow":["GET"]}}],"collection":[{"href":"https:\/\/linitiative.ca\/International\/wp-json\/wp\/v2\/posts"}],"about":[{"href":"https:\/\/linitiative.ca\/International\/wp-json\/wp\/v2\/types\/post"}],"author":[{"embeddable":true,"href":"https:\/\/linitiative.ca\/International\/wp-json\/wp\/v2\/users\/1969"}],"replies":[{"embeddable":true,"href":"https:\/\/linitiative.ca\/International\/wp-json\/wp\/v2\/comments?post=82645"}],"version-history":[{"count":0,"href":"https:\/\/linitiative.ca\/International\/wp-json\/wp\/v2\/posts\/82645\/revisions"}],"wp:attachment":[{"href":"https:\/\/linitiative.ca\/International\/wp-json\/wp\/v2\/media?parent=82645"}],"wp:term":[{"taxonomy":"category","embeddable":true,"href":"https:\/\/linitiative.ca\/International\/wp-json\/wp\/v2\/categories?post=82645"},{"taxonomy":"post_tag","embeddable":true,"href":"https:\/\/linitiative.ca\/International\/wp-json\/wp\/v2\/tags?post=82645"}],"curies":[{"name":"wp","href":"https:\/\/api.w.org\/{rel}","templated":true}]}}