{"id":82648,"date":"2020-04-17T10:26:36","date_gmt":"2020-04-17T14:26:36","guid":{"rendered":"https:\/\/linitiative.ca\/International\/agriculture-regain-doptimisme-a-rabat-sale-avec-le-retour-des-pluies\/"},"modified":"2020-04-17T10:26:36","modified_gmt":"2020-04-17T14:26:36","slug":"agriculture-regain-doptimisme-a-rabat-sale-avec-le-retour-des-pluies","status":"publish","type":"post","link":"https:\/\/linitiative.ca\/International\/agriculture-regain-doptimisme-a-rabat-sale-avec-le-retour-des-pluies\/","title":{"rendered":"Agriculture: Regain d\u2019optimisme \u00e0 Rabat-Sal\u00e9 avec le retour des pluies"},"content":{"rendered":"<p><img decoding=\"async\" class=\"post_layout_5_img\" src=\"http:\/\/aujourdhui.ma\/wp-content\/uploads\/2020\/04\/irrigation-Agriculture.jpg?x29840\" alt=\"Agriculture: Regain d&#x2019;optimisme &#xE0; Rabat-Sal&#xE9; avec le retour des pluies\"\/><\/p>\n<p><span class=\"c4\"><strong>Les derni\u00e8res averses sont de bon augure pour les agriculteurs notamment ceux qui op\u00e9rent dans la province de Rabat-Sal\u00e9.<\/strong><\/span> <span id=\"more-342020\"\/><\/p>\n<p>La Direction provinciale de l\u2019agriculture indique que les r\u00e9centes pr\u00e9cipitations enregistr\u00e9es dans cette zone d\u2019action ont des effets b\u00e9n\u00e9fiques pour tout ce qui est encore vert. Citons dans ce sens les semis tardifs des c\u00e9r\u00e9ales. En effet, la pluie permet la poursuite du remplissage des \u00e9pis ainsi que l\u2019am\u00e9lioration du poids sp\u00e9cifique et de la qualit\u00e9 des graines r\u00e9colt\u00e9es. Les pr\u00e9cipitations sont \u00e9galement b\u00e9n\u00e9fiques pour les pois chiches en fin de cycle du moment que leur maturit\u00e9 n\u2019est pas termin\u00e9e.<\/p>\n<p>\u00c0 l\u2019instar des autres provinces, la machine agricole tourne \u00e0 un rythme normal \u00e0 Rabat-Sal\u00e9, et ce en d\u00e9pit de la conjoncture climatique et sanitaire. La campagne agricole se d\u00e9roule en effet dans de bonnes conditions notamment avec le retour des pluies qui profitera pleinement aux cultures printani\u00e8res en l\u2019occurrence le ma\u00efs fourrager, la tomate, l\u2019haricot vert, la pomme de terre , les past\u00e8ques, et les courges de plein champ qui g\u00e9n\u00e9ralement sont conduites en bour ou avec quelques irrigation d\u2019appoint. L\u2019apport pluviom\u00e9trique aura \u00e9galement un effet positif sur l\u2019arboriculture fruiti\u00e8re de la province notamment les nouvelles plantations r\u00e9alis\u00e9es en 2019 dans le cadre des projets pilier II du Plan Maroc Vert. L\u2019impact se traduirait par l\u2019augmentation des r\u00e9serves en eau du sol, l\u2019alimentation des nappes phr\u00e9atiques et par cons\u00e9quent des \u00e9conomies en frais d\u2019irrigation.<\/p>\n<p>Les pr\u00e9cipitations enregistr\u00e9es dans la province am\u00e9lioreront \u00e9galement la situation du couvert v\u00e9g\u00e9tal et sauveront une bonne partie des p\u00e2turages. La Direction provinciale de l\u2019agriculture rappelle dans ce sens que le programme de gestion des effets du d\u00e9ficit pluviom\u00e9trique de la campagne actuelle, mis en place en mars 2020, va permettre la sauvegarde et la pr\u00e9servation des ressources animales, \u00e0 travers l\u2019approvisionnement du b\u00e9tail en orge subventionn\u00e9e. Notons qu\u2019au niveau de la zone d\u2019action de la Direction provinciale de l\u2019agriculture Rabat-Sal\u00e9, le programme de lutte contre les effets du retard des pluies pr\u00e9voit la distribution de 40.000 quintaux d\u2019orge subventionn\u00e9 au profit des \u00e9leveurs d\u2019ovins et de caprins, mis \u00e0 leur disposition pour un prix fixe de 2 dirhams le kilogramme, tandis que l\u2019Etat prend en charge la diff\u00e9rence avec le prix du march\u00e9. Cette op\u00e9ration comprend \u00e9galement la prise en charge du transport depuis le centre relais de Sidi Yahya Zear aux centres de ventes de Shoul et Skhirat .<\/p>\n<p>La Direction provinciale de l\u2019agriculture en collaboration avec les services de l\u2019ONICL, de l\u2019ONCA et de l\u2019ONSSA et la Chambre r\u00e9gionale d\u2019agriculture sont pleinement mobilis\u00e9s avec les autorit\u00e9s locales pour garantir la mise en \u0153uvre et le suivi de l\u2019ex\u00e9cution cette op\u00e9ration dans le cadre des comit\u00e9s provinciaux et locaux. Ces comit\u00e9s ont veill\u00e9 \u00e0 l\u2019\u00e9laboration des listes des b\u00e9n\u00e9ficiaires et \u00e0 la fixation des quantit\u00e9s d\u2019orge attribu\u00e9es \u00e0 chaque \u00e9leveur selon des crit\u00e8res pr\u00e9\u00e9tablis, en se basant sur l\u2019effectif du cheptel de chaque agriculteur.<\/p>\n<p>Et pour respecter les dispositions sanitaires et hygi\u00e9niques recommand\u00e9es en vue de contrer les effets du Covid-19, des mesures pr\u00e9ventives ont \u00e9t\u00e9 prises en \u00e9troite concertation avec les autorit\u00e9s locales. \u00c0 cet effet, les agriculteurs ont \u00e9t\u00e9 invit\u00e9s \u00e0 constituer des groupes de b\u00e9n\u00e9ficiaires et de d\u00e9signer un repr\u00e9sentant par groupe qui se d\u00e9place seul pour effectuer les d\u00e9marches administratives et r\u00e9cup\u00e9rer leur dotation en orge.<\/p>\n<p>Auteur: ALM<br \/>\n<a href=\"http:\/\/aujourdhui.ma\/economie\/agriculture-regain-doptimisme-a-rabat-sale-avec-le-retour-des-pluies\">Cliquez ici pour lire l&rsquo;article depuis sa source.<\/a><\/p>\n","protected":false},"excerpt":{"rendered":"<p>Les derni\u00e8res averses sont de bon augure pour les agriculteurs notamment ceux qui op\u00e9rent dans la province de Rabat-Sal\u00e9. La Direction provinciale de l\u2019agriculture indique que les r\u00e9centes pr\u00e9cipitations enregistr\u00e9es dans cette zone d\u2019action ont des effets b\u00e9n\u00e9fiques pour tout ce qui est encore vert. Citons dans ce sens les semis tardifs des c\u00e9r\u00e9ales. En [&hellip;]<\/p>\n","protected":false},"author":1759,"featured_media":0,"comment_status":"closed","ping_status":"closed","sticky":false,"template":"","format":"standard","meta":{"fifu_image_url":"","fifu_image_alt":"","footnotes":""},"categories":[73,54],"tags":[],"class_list":["post-82648","post","type-post","status-publish","format-standard","hentry","category-actualite","category-maroc"],"_links":{"self":[{"href":"https:\/\/linitiative.ca\/International\/wp-json\/wp\/v2\/posts\/82648","targetHints":{"allow":["GET"]}}],"collection":[{"href":"https:\/\/linitiative.ca\/International\/wp-json\/wp\/v2\/posts"}],"about":[{"href":"https:\/\/linitiative.ca\/International\/wp-json\/wp\/v2\/types\/post"}],"author":[{"embeddable":true,"href":"https:\/\/linitiative.ca\/International\/wp-json\/wp\/v2\/users\/1759"}],"replies":[{"embeddable":true,"href":"https:\/\/linitiative.ca\/International\/wp-json\/wp\/v2\/comments?post=82648"}],"version-history":[{"count":0,"href":"https:\/\/linitiative.ca\/International\/wp-json\/wp\/v2\/posts\/82648\/revisions"}],"wp:attachment":[{"href":"https:\/\/linitiative.ca\/International\/wp-json\/wp\/v2\/media?parent=82648"}],"wp:term":[{"taxonomy":"category","embeddable":true,"href":"https:\/\/linitiative.ca\/International\/wp-json\/wp\/v2\/categories?post=82648"},{"taxonomy":"post_tag","embeddable":true,"href":"https:\/\/linitiative.ca\/International\/wp-json\/wp\/v2\/tags?post=82648"}],"curies":[{"name":"wp","href":"https:\/\/api.w.org\/{rel}","templated":true}]}}