{"id":82649,"date":"2020-04-17T10:28:33","date_gmt":"2020-04-17T14:28:33","guid":{"rendered":"https:\/\/linitiative.ca\/International\/newsletter-e-formation-et-accompagnement-casamemoire-poursuit-ses-activites-culturelles-meme-en-confinement\/"},"modified":"2020-04-17T10:28:33","modified_gmt":"2020-04-17T14:28:33","slug":"newsletter-e-formation-et-accompagnement-casamemoire-poursuit-ses-activites-culturelles-meme-en-confinement","status":"publish","type":"post","link":"https:\/\/linitiative.ca\/International\/newsletter-e-formation-et-accompagnement-casamemoire-poursuit-ses-activites-culturelles-meme-en-confinement\/","title":{"rendered":"Newsletter, e-formation et accompagnement : Casam\u00e9moire poursuit ses activit\u00e9s culturelles m\u00eame en confinement"},"content":{"rendered":"<p><img decoding=\"async\" class=\"post_layout_5_img\" src=\"http:\/\/aujourdhui.ma\/wp-content\/uploads\/2020\/04\/Casam%C3%A9moire-1.jpg?x29840\" alt=\"Newsletter, e-formation et accompagnement : Casam&#xE9;moire poursuit ses activit&#xE9;s culturelles m&#xEA;me en confinement\"\/><\/p>\n<p><span class=\"c4\"><strong>L\u2019association continue son accompagnement de tout ce qui touche \u00e0 la sauvegarde du patrimoine et par l\u00e0 la culture urbaine en \u00ab\u00e9laborant les dossiers d\u2019inscription de b\u00e2timents au patrimoine national\u00bb.<\/strong><\/span><span id=\"more-342024\"\/><\/p>\n<p>En plein \u00e9tat d\u2019urgence sanitaire, l\u2019association Casam\u00e9moire pense la culture autrement en l\u2019exploitant diff\u00e9remment. Elle y englobe naturellement le patrimoine et la cr\u00e9ativit\u00e9 qui font son champ de bataille. Ainsi, un \u00ablien\u00bb sera, selon les initiateurs, gard\u00e9 avec les amoureux de la ville de Casablanca, en premier lieu, \u00e0 travers une newsletter qui sera diffus\u00e9e r\u00e9guli\u00e8rement.<\/p>\n<p>\u00abUne e-formation sera \u00e9galement dispens\u00e9e aux guides-m\u00e9diateurs b\u00e9n\u00e9voles qui feront d\u00e9couvrir les tr\u00e9sors de la ville aux Marocains et aux \u00e9trangers\u00bb, d\u00e9taillent les organisateurs. Selon la m\u00eame source, l\u2019association continue son accompagnement de tout ce qui touche \u00e0 la sauvegarde du patrimoine et par l\u00e0 la culture urbaine en \u00ab\u00e9laborant les dossiers d\u2019inscription de b\u00e2timents au patrimoine national\u00bb. L\u2019objectif ultime \u00e9tant, selon les organisateurs, de favoriser la compr\u00e9hension entre diverses communaut\u00e9s et la r\u00e9conciliation des citoyens avec leur espace et leur m\u00e9moire.<\/p>\n<p>Concernant les Journ\u00e9es du Patrimoine de Casablanca, l\u2019\u00e9v\u00e9nement phare de l\u2019association, une \u00abnouvelle formule sera con\u00e7ue pour accompagner le citoyen dans la r\u00e9appropriation de son espace et l\u2019aider \u00e0 le r\u00e9investir autrement apr\u00e8s le confinement\u00bb.<br \/>A propos des situations d\u2019urgence, l\u2019association estime qu\u2019il est \u00abessentiel\u00bb pour le d\u00e9veloppement durable et la s\u00e9curit\u00e9 d\u2019y prioriser la culture. Il est \u00e9galement question pour Casam\u00e9moire d\u2019exploiter celle-ci afin de favoriser l\u2019\u00e9dification de la paix, le rel\u00e8vement et la r\u00e9conciliation, ainsi que sa capacit\u00e9 de renforcer la r\u00e9silience face aux catastrophes. \u00abSeule une approche du d\u00e9veloppement centr\u00e9e sur la diversit\u00e9, le respect des diff\u00e9rences, la transmission interg\u00e9n\u00e9rationnelle ainsi que le dialogue entre les cultures peut conduire \u00e0 des r\u00e9sultats durables, inclusifs et \u00e9quitables\u00bb, ajoute la structure.<\/p>\n<p><a href=\"http:\/\/aujourdhui.ma\/wp-content\/uploads\/2020\/04\/Casam%C3%A9moire.jpg?x29840\"><img loading=\"lazy\" decoding=\"async\" class=\"size-full wp-image-342026 aligncenter\" src=\"http:\/\/aujourdhui.ma\/wp-content\/uploads\/2020\/04\/Casam%C3%A9moire.jpg?x29840\" alt=\"\" width=\"400\" height=\"774\" srcset=\"http:\/\/aujourdhui.ma\/wp-content\/uploads\/2020\/04\/Casam&#xE9;moire.jpg 400w, http:\/\/aujourdhui.ma\/wp-content\/uploads\/2020\/04\/Casam&#xE9;moire-155x300.jpg 155w\" sizes=\"auto, (max-width: 400px) 100vw, 400px\"\/><\/a><\/p>\n<p>La m\u00eame source cite, par l\u2019occasion, l\u2019Unesco, dont cette association est partenaire \u00e0 statut consultatif. L\u2019organisation \u00e9tant persuad\u00e9e qu\u2019aucun d\u00e9veloppement ne peut \u00eatre durable sans une composante culturelle forte.<\/p>\n<p>Cela \u00e9tant, Casam\u00e9moire ne manque pas de devoir une fi\u00e8re chandelle au corps m\u00e9dical et salue les efforts ininterrompus des autorit\u00e9s locales et tous ceux qui aujourd\u2019hui sont au front afin d\u2019assurer la s\u00e9curit\u00e9 de tous ainsi que l\u2019\u00e9lan de solidarit\u00e9 impuls\u00e9 par les Hautes instructions de Sa Majest\u00e9 le Roi Mohammed VI.<br \/>\u00abL\u2019association s\u2019associe \u00e0 la douleur de ceux qui ont perdu parents, proches et amis\u00bb, s\u2019exprime la m\u00eame structure.<\/p>\n<p>Auteur: ALM<br \/>\n<a href=\"http:\/\/aujourdhui.ma\/culture\/newsletter-e-formation-et-accompagnement-casamemoire-poursuit-ses-activites-culturelles-meme-en-confinement\">Cliquez ici pour lire l&rsquo;article depuis sa source.<\/a><\/p>\n","protected":false},"excerpt":{"rendered":"<p>L\u2019association continue son accompagnement de tout ce qui touche \u00e0 la sauvegarde du patrimoine et par l\u00e0 la culture urbaine en \u00ab\u00e9laborant les dossiers d\u2019inscription de b\u00e2timents au patrimoine national\u00bb. En plein \u00e9tat d\u2019urgence sanitaire, l\u2019association Casam\u00e9moire pense la culture autrement en l\u2019exploitant diff\u00e9remment. Elle y englobe naturellement le patrimoine et la cr\u00e9ativit\u00e9 qui font [&hellip;]<\/p>\n","protected":false},"author":1759,"featured_media":0,"comment_status":"closed","ping_status":"closed","sticky":false,"template":"","format":"standard","meta":{"fifu_image_url":"","fifu_image_alt":"","footnotes":""},"categories":[73,54],"tags":[],"class_list":["post-82649","post","type-post","status-publish","format-standard","hentry","category-actualite","category-maroc"],"_links":{"self":[{"href":"https:\/\/linitiative.ca\/International\/wp-json\/wp\/v2\/posts\/82649","targetHints":{"allow":["GET"]}}],"collection":[{"href":"https:\/\/linitiative.ca\/International\/wp-json\/wp\/v2\/posts"}],"about":[{"href":"https:\/\/linitiative.ca\/International\/wp-json\/wp\/v2\/types\/post"}],"author":[{"embeddable":true,"href":"https:\/\/linitiative.ca\/International\/wp-json\/wp\/v2\/users\/1759"}],"replies":[{"embeddable":true,"href":"https:\/\/linitiative.ca\/International\/wp-json\/wp\/v2\/comments?post=82649"}],"version-history":[{"count":0,"href":"https:\/\/linitiative.ca\/International\/wp-json\/wp\/v2\/posts\/82649\/revisions"}],"wp:attachment":[{"href":"https:\/\/linitiative.ca\/International\/wp-json\/wp\/v2\/media?parent=82649"}],"wp:term":[{"taxonomy":"category","embeddable":true,"href":"https:\/\/linitiative.ca\/International\/wp-json\/wp\/v2\/categories?post=82649"},{"taxonomy":"post_tag","embeddable":true,"href":"https:\/\/linitiative.ca\/International\/wp-json\/wp\/v2\/tags?post=82649"}],"curies":[{"name":"wp","href":"https:\/\/api.w.org\/{rel}","templated":true}]}}