{"id":82651,"date":"2020-04-17T11:07:31","date_gmt":"2020-04-17T15:07:31","guid":{"rendered":"https:\/\/linitiative.ca\/International\/dans-les-coulisses-des-hopitaux-de-campagne-de-nouaceur-et-benslimane\/"},"modified":"2020-04-17T11:07:31","modified_gmt":"2020-04-17T15:07:31","slug":"dans-les-coulisses-des-hopitaux-de-campagne-de-nouaceur-et-benslimane","status":"publish","type":"post","link":"https:\/\/linitiative.ca\/International\/dans-les-coulisses-des-hopitaux-de-campagne-de-nouaceur-et-benslimane\/","title":{"rendered":"Dans les coulisses des h\u00f4pitaux de campagne de Nouaceur et Benslimane"},"content":{"rendered":"<p><img decoding=\"async\" class=\"post_layout_5_img\" src=\"http:\/\/aujourdhui.ma\/wp-content\/uploads\/2020\/04\/h%C3%B4pital-militaire-de-campagne-de-Nouaceur-op%C3%A9rationnel.jpg?x29840\" alt=\"Dans les coulisses des h&#xF4;pitaux de campagne de Nouaceur et Benslimane\"\/><\/p>\n<p><span class=\"c4\"><strong>Les Forces Arm\u00e9es Royales ont mis en place les moyens n\u00e9cessaires pour r\u00e9pondre \u00e0 l\u2019urgence de soins que peuvent repr\u00e9senter des cas de contamination au Covid-19.<\/strong><\/span> <span id=\"more-342038\"\/><\/p>\n<p>En t\u00e9moignent les h\u00f4pitaux de campagne de Nouaceur et Benslimane. Immersion dans ces deux structures \u00e9quip\u00e9es jusqu\u2019au moindre d\u00e9tail.<\/p>\n<p><span class=\"c6\"><strong><span class=\"c5\">L\u2019h\u00f4pital militaire de campagne de Nouaceur op\u00e9rationnel<\/span><\/strong><\/span><\/p>\n<p>Mis en place le temps record de 6 jours, l\u2019h\u00f4pital militaire de campagne \u00e0 Nouaceur est op\u00e9rationnel. Il est pr\u00eat \u00e0 accueillir les patients atteints du Covid-19 dans les meilleures conditions. Le colonel Montacir Moujahid, m\u00e9decin principal, explique : \u00abLorsque le patient infect\u00e9 par le Covid-19 arrive \u00e0 l\u2019h\u00f4pital militaire de Nouaceur il est re\u00e7u dans une tente pr\u00e9vue \u00e0 cet effet \u00e0 l\u2019entr\u00e9e principale.<br \/>Sa temp\u00e9rature est mesur\u00e9e et toutes les donn\u00e9es qui se rapportent au patient sont enregistr\u00e9es avant qu\u2019il ne soit d\u00e9cid\u00e9 de le placer dans une des deux unit\u00e9s en fonction de son \u00e9tat de sant\u00e9\u00bb.<br \/>Pour sa part, le capitaine Yassine Ben Lahlou, m\u00e9decin-biologiste, indique que cet h\u00f4pital \u00abcomprend un laboratoire qui fournit un ensemble de tests, auxquels s\u2019ajoutent des tests sanguins et de biochimie utilisant des technologies modernes, ce qui contribue \u00e0 suivre l\u2019\u00e9tat de sant\u00e9 des patients sous traitement, en particulier ceux qui sont en r\u00e9animation et en soins intensifs\u00bb.<\/p>\n<p><span class=\"c7\"><strong>\u2013 3 unit\u00e9s d\u2019hospitalisation<\/strong><\/span><\/p>\n<p>L\u2019h\u00f4pital dispose d\u2019une capacit\u00e9 de 200 lits. Il englobe 3 unit\u00e9s d\u2019hospitalisation \u00e9quip\u00e9es de tout le mat\u00e9riel n\u00e9cessaire, notamment pour prendre en charge les cas graves n\u00e9cessitant des soins intensifs d\u2019urgence et de r\u00e9animation.<\/p>\n<p><span class=\"c7\"><strong>\u2013 180 lits r\u00e9serv\u00e9s aux cas moins graves<\/strong><\/span><\/p>\n<p>Un total de 180 lits sur trois b\u00e2timents sont r\u00e9serv\u00e9s aux cas moins graves n\u00e9cessitant une surveillance m\u00e9dicale appropri\u00e9e alors que le service de r\u00e9animation d\u00e9di\u00e9 aux cas graves est d\u2019une capacit\u00e9 minimale de 20 lits.<\/p>\n<p><span class=\"c7\"><strong>\u2013 Une \u00e9quipe d\u00e9vou\u00e9e et professionnelle<\/strong><\/span><\/p>\n<p>Compos\u00e9e de 13 membres, dont 2 anesth\u00e9sistes-r\u00e9animateurs, 2 urgentistes, 6 g\u00e9n\u00e9ralistes, un biologiste et un pharmacien, l\u2019\u00e9quipe m\u00e9dicale est mobilis\u00e9e \u00e0 c\u00f4t\u00e9 d\u2019un staff param\u00e9dical qui compte 73 personnes, entre infirmiers et aides-soignants. Ce personnel m\u00e9dical et renforc\u00e9 par l\u2019\u00e9quipe de soutien compos\u00e9e de 30 \u00e9l\u00e9ments et dirig\u00e9e par deux officiers, dont un gestionnaire et un officier de mobilisation. Cet h\u00f4pital compte aussi sur l\u2019appui d\u2019une \u00e9quipe d\u2019assistantes sociales, ayant pour mission d\u2019assister les malades et leurs familles en leur apportant l\u2019aide psychologique n\u00e9cessaire. Leur r\u00f4le consiste \u00e9galement \u00e0 assurer aux familles les informations n\u00e9cessaires sur leurs parents malades ou admis en r\u00e9animation.<\/p>\n<p><a href=\"http:\/\/aujourdhui.ma\/wp-content\/uploads\/2020\/04\/h%C3%B4pital-militaire.jpg?x29840\"><img loading=\"lazy\" decoding=\"async\" class=\"size-full wp-image-342040 aligncenter\" src=\"http:\/\/aujourdhui.ma\/wp-content\/uploads\/2020\/04\/h%C3%B4pital-militaire.jpg?x29840\" alt=\"\" width=\"746\" height=\"380\" srcset=\"http:\/\/aujourdhui.ma\/wp-content\/uploads\/2020\/04\/h&#xF4;pital-militaire.jpg 746w, http:\/\/aujourdhui.ma\/wp-content\/uploads\/2020\/04\/h&#xF4;pital-militaire-300x153.jpg 300w\" sizes=\"auto, (max-width: 746px) 100vw, 746px\"\/><\/a><\/p>\n<p><span class=\"c6\"><strong><span class=\"c5\">H\u00f4pital de campagne de Benslimane : Les FAR d\u00e9ploient les grands moyens<\/span><\/strong><\/span><\/p>\n<p>A Benslimane, les Forces Arm\u00e9es Royales ont d\u00e9ploy\u00e9 les moyens de m\u00e9decine militaire en renforcement des structures m\u00e9dicales d\u00e9di\u00e9es \u00e0 la gestion de la pand\u00e9mie Covid-19.<\/p>\n<p><strong><span class=\"c8\">\u2013 360 lits et 20 unit\u00e9s de r\u00e9animation<\/span><\/strong><\/p>\n<p>En termes de chiffres, cet h\u00f4pital compte 360 lits, 20 unit\u00e9s de r\u00e9animation et 13 m\u00e9decins. Il est dot\u00e9 d\u2019une structure autonome. Ce 2\u00e8me h\u00f4pital militaire de campagne est install\u00e9 principalement en deux zones : la premi\u00e8re, sous tentes d\u2019une capacit\u00e9 de 160 lits, est r\u00e9serv\u00e9e \u00e0 l\u2019isolement, extensible le cas \u00e9ch\u00e9ant \u00e0 d\u2019autres patients. Il est r\u00e9parti sur deux niveaux. Le premier est r\u00e9serv\u00e9 aux cas stables avec une capacit\u00e9 de 140 lits et le second est d\u00e9di\u00e9 aux cas n\u00e9cessitant des soins plus intensifs avec une capacit\u00e9 actuelle de 40 et 20 lits aux cas admis en r\u00e9animation. Cette structure est dot\u00e9e d\u2019\u00e9quipements de pointe et de quantit\u00e9s suffisantes de m\u00e9dicaments n\u00e9cessaires. Elle peut accueillir jusqu\u2019\u00e0 360 malades dans des conditions optimales de prise en charge.<\/p>\n<p><strong><span class=\"c8\">\u2013 Une \u00e9quipe pr\u00eate \u00e0 entrer en action<\/span><\/strong><\/p>\n<p>Les \u00e9quipes m\u00e9dicales du 2\u00e8me h\u00f4pital militaire de campagne Covid-19 de Benslimane sont mobilis\u00e9es pour soutenir la m\u00e9decine civile dans le combat contre la pand\u00e9mie du nouveau coronavirus. Ainsi, cette \u00e9quipe m\u00e9dicale est compos\u00e9e de 13 m\u00e9decins : 3 r\u00e9animateurs, 2 urgentistes, un biologiste, un pharmacien et 6 g\u00e9n\u00e9ralistes form\u00e9s pour ces situations. Par ailleurs, le personnel param\u00e9dical compte 69 infirmiers et leurs assistants, auxquels s\u2019ajoutent 39 soldats de soutien, dont deux cadres administratifs et des \u00e9l\u00e9ments repr\u00e9sentant les diff\u00e9rentes inspections des Forces Arm\u00e9es Royales.<\/p>\n<p><a href=\"http:\/\/aujourdhui.ma\/wp-content\/uploads\/2020\/04\/h%C3%B4pital-militaire-de-campagne-de-Benslimane.jpg?x29840\"><img loading=\"lazy\" decoding=\"async\" class=\"size-full wp-image-342041 aligncenter\" src=\"http:\/\/aujourdhui.ma\/wp-content\/uploads\/2020\/04\/h%C3%B4pital-militaire-de-campagne-de-Benslimane.jpg?x29840\" alt=\"\" width=\"746\" height=\"380\" srcset=\"http:\/\/aujourdhui.ma\/wp-content\/uploads\/2020\/04\/h&#xF4;pital-militaire-de-campagne-de-Benslimane.jpg 746w, http:\/\/aujourdhui.ma\/wp-content\/uploads\/2020\/04\/h&#xF4;pital-militaire-de-campagne-de-Benslimane-300x153.jpg 300w\" sizes=\"auto, (max-width: 746px) 100vw, 746px\"\/><\/a><\/p>\n<p>Auteur: Ouchagour Leila<br \/>\n<a href=\"http:\/\/aujourdhui.ma\/societe\/dans-les-coulisses-des-hopitaux-de-campagne-de-nouaceur-et-benslimane\">Cliquez ici pour lire l&rsquo;article depuis sa source.<\/a><\/p>\n","protected":false},"excerpt":{"rendered":"<p>Les Forces Arm\u00e9es Royales ont mis en place les moyens n\u00e9cessaires pour r\u00e9pondre \u00e0 l\u2019urgence de soins que peuvent repr\u00e9senter des cas de contamination au Covid-19. En t\u00e9moignent les h\u00f4pitaux de campagne de Nouaceur et Benslimane. Immersion dans ces deux structures \u00e9quip\u00e9es jusqu\u2019au moindre d\u00e9tail. L\u2019h\u00f4pital militaire de campagne de Nouaceur op\u00e9rationnel Mis en place [&hellip;]<\/p>\n","protected":false},"author":1759,"featured_media":0,"comment_status":"closed","ping_status":"closed","sticky":false,"template":"","format":"standard","meta":{"fifu_image_url":"","fifu_image_alt":"","footnotes":""},"categories":[73,54],"tags":[],"class_list":["post-82651","post","type-post","status-publish","format-standard","hentry","category-actualite","category-maroc"],"_links":{"self":[{"href":"https:\/\/linitiative.ca\/International\/wp-json\/wp\/v2\/posts\/82651","targetHints":{"allow":["GET"]}}],"collection":[{"href":"https:\/\/linitiative.ca\/International\/wp-json\/wp\/v2\/posts"}],"about":[{"href":"https:\/\/linitiative.ca\/International\/wp-json\/wp\/v2\/types\/post"}],"author":[{"embeddable":true,"href":"https:\/\/linitiative.ca\/International\/wp-json\/wp\/v2\/users\/1759"}],"replies":[{"embeddable":true,"href":"https:\/\/linitiative.ca\/International\/wp-json\/wp\/v2\/comments?post=82651"}],"version-history":[{"count":0,"href":"https:\/\/linitiative.ca\/International\/wp-json\/wp\/v2\/posts\/82651\/revisions"}],"wp:attachment":[{"href":"https:\/\/linitiative.ca\/International\/wp-json\/wp\/v2\/media?parent=82651"}],"wp:term":[{"taxonomy":"category","embeddable":true,"href":"https:\/\/linitiative.ca\/International\/wp-json\/wp\/v2\/categories?post=82651"},{"taxonomy":"post_tag","embeddable":true,"href":"https:\/\/linitiative.ca\/International\/wp-json\/wp\/v2\/tags?post=82651"}],"curies":[{"name":"wp","href":"https:\/\/api.w.org\/{rel}","templated":true}]}}