{"id":82665,"date":"2020-04-17T03:00:00","date_gmt":"2020-04-17T07:00:00","guid":{"rendered":"https:\/\/linitiative.ca\/International\/pluies-orageuses-sur-plusieurs-regions-a-partir-de-cet-apres-midi\/"},"modified":"2020-04-17T03:00:00","modified_gmt":"2020-04-17T07:00:00","slug":"pluies-orageuses-sur-plusieurs-regions-a-partir-de-cet-apres-midi","status":"publish","type":"post","link":"https:\/\/linitiative.ca\/International\/pluies-orageuses-sur-plusieurs-regions-a-partir-de-cet-apres-midi\/","title":{"rendered":"Pluies orageuses sur plusieurs r\u00e9gions \u00e0 partir de cet apr\u00e8s-midi"},"content":{"rendered":"<div id=\"originalText\" readability=\"54\">\n<p class=\"c6\">Des pluies, parfois sous forme d&rsquo;averses\u00a0orageuses, affecteront \u00e0 partir de vendredi apr\u00e8s-midi plusieurs wilayas de\u00a0l&rsquo;Ouest et du Centre du pays, indique le Centre national de m\u00e9t\u00e9orologie\u00a0dans un Bulletin m\u00e9t\u00e9o sp\u00e9cial (BMS).\u00a0\u00a0<br \/>Les wilayas concern\u00e9es sont : Tlemcen, Ain Temouchent, Oran, Mostaganem,\u00a0\u00a0Chlef, Tipaza, Relizane, Tissemsilt, Ain Defla, Mascara, Saida, Nord de\u00a0Tiaret, Sidi Bel-Abb\u00e8s et Nord de Na\u00e2ma, pr\u00e9cise le BMS, dont la validit\u00e9\u00a0prend effet \u00e0 partir de 15h00 jusqu&rsquo;\u00e0 samedi \u00e0 06h00.\u00a0<br \/>Durant la p\u00e9riode de validit\u00e9 de ce bulletin, les cumuls sont estim\u00e9s\u00a0entre 20 et 30 mm avec des rafales de vent sous orages, ajoute-t-on.<\/p>\n<p class=\"c7\"><strong>APS<\/strong><\/p>\n<\/div>\n<div id=\"text_core\" readability=\"54\">\n<p class=\"c6\">Des pluies, parfois sous forme d&rsquo;averses\u00a0orageuses, affecteront \u00e0 partir de vendredi apr\u00e8s-midi plusieurs wilayas de\u00a0l&rsquo;Ouest et du Centre du pays, indique le Centre national de m\u00e9t\u00e9orologie\u00a0dans un Bulletin m\u00e9t\u00e9o sp\u00e9cial (BMS).\u00a0\u00a0<br \/>Les wilayas concern\u00e9es sont : Tlemcen, Ain Temouchent, Oran, Mostaganem,\u00a0\u00a0Chlef, Tipaza, Relizane, Tissemsilt, Ain Defla, Mascara, Saida, Nord de\u00a0Tiaret, Sidi Bel-Abb\u00e8s et Nord de Na\u00e2ma, pr\u00e9cise le BMS, dont la validit\u00e9\u00a0prend effet \u00e0 partir de 15h00 jusqu&rsquo;\u00e0 samedi \u00e0 06h00.\u00a0<br \/>Durant la p\u00e9riode de validit\u00e9 de ce bulletin, les cumuls sont estim\u00e9s\u00a0entre 20 et 30 mm avec des rafales de vent sous orages, ajoute-t-on.<\/p>\n<p class=\"c7\"><strong>APS<\/strong><\/p>\n<\/div>\n<p>Auteur:<br \/>\n<a href=\"https:\/\/www.liberte-algerie.com\/actualite\/pluies-orageuses-sur-plusieurs-regions-a-partir-de-cet-apres-midi-337555\">Cliquez ici pour lire l&rsquo;article depuis sa source.<\/a><\/p>\n","protected":false},"excerpt":{"rendered":"<p>Des pluies, parfois sous forme d&rsquo;averses\u00a0orageuses, affecteront \u00e0 partir de vendredi apr\u00e8s-midi plusieurs wilayas de\u00a0l&rsquo;Ouest et du Centre du pays, indique le Centre national de m\u00e9t\u00e9orologie\u00a0dans un Bulletin m\u00e9t\u00e9o sp\u00e9cial (BMS).\u00a0\u00a0Les wilayas concern\u00e9es sont : Tlemcen, Ain Temouchent, Oran, Mostaganem,\u00a0\u00a0Chlef, Tipaza, Relizane, Tissemsilt, Ain Defla, Mascara, Saida, Nord de\u00a0Tiaret, Sidi Bel-Abb\u00e8s et Nord de Na\u00e2ma, [&hellip;]<\/p>\n","protected":false},"author":1742,"featured_media":0,"comment_status":"closed","ping_status":"closed","sticky":false,"template":"","format":"standard","meta":{"fifu_image_url":"","fifu_image_alt":"","footnotes":""},"categories":[73,53],"tags":[],"class_list":["post-82665","post","type-post","status-publish","format-standard","hentry","category-actualite","category-algerie"],"_links":{"self":[{"href":"https:\/\/linitiative.ca\/International\/wp-json\/wp\/v2\/posts\/82665","targetHints":{"allow":["GET"]}}],"collection":[{"href":"https:\/\/linitiative.ca\/International\/wp-json\/wp\/v2\/posts"}],"about":[{"href":"https:\/\/linitiative.ca\/International\/wp-json\/wp\/v2\/types\/post"}],"author":[{"embeddable":true,"href":"https:\/\/linitiative.ca\/International\/wp-json\/wp\/v2\/users\/1742"}],"replies":[{"embeddable":true,"href":"https:\/\/linitiative.ca\/International\/wp-json\/wp\/v2\/comments?post=82665"}],"version-history":[{"count":0,"href":"https:\/\/linitiative.ca\/International\/wp-json\/wp\/v2\/posts\/82665\/revisions"}],"wp:attachment":[{"href":"https:\/\/linitiative.ca\/International\/wp-json\/wp\/v2\/media?parent=82665"}],"wp:term":[{"taxonomy":"category","embeddable":true,"href":"https:\/\/linitiative.ca\/International\/wp-json\/wp\/v2\/categories?post=82665"},{"taxonomy":"post_tag","embeddable":true,"href":"https:\/\/linitiative.ca\/International\/wp-json\/wp\/v2\/tags?post=82665"}],"curies":[{"name":"wp","href":"https:\/\/api.w.org\/{rel}","templated":true}]}}