{"id":82666,"date":"2020-04-17T07:00:00","date_gmt":"2020-04-17T11:00:00","guid":{"rendered":"https:\/\/linitiative.ca\/International\/le-premier-ministre-ordonne-le-rapatriement\/"},"modified":"2020-04-17T07:00:00","modified_gmt":"2020-04-17T11:00:00","slug":"le-premier-ministre-ordonne-le-rapatriement","status":"publish","type":"post","link":"https:\/\/linitiative.ca\/International\/le-premier-ministre-ordonne-le-rapatriement\/","title":{"rendered":"Le Premier ministre ordonne le rapatriement"},"content":{"rendered":"<div id=\"originalText\" readability=\"68\">\n<p class=\"c6\">Le Premier ministre, Abdelalziz Djerad, a\u00a0instruit les ministres concern\u00e9s \u00e0 l&rsquo;effet de proc\u00e9der au rapatriement des\u00a0citoyens bloqu\u00e9s \u00e0 l&rsquo;\u00e9tranger suite \u00e0 la suspension en mars dernier des\u00a0liaisons a\u00e9riennes et maritimes induite par la pand\u00e9mie du Coronavirus,\u00a0indique vendredi un communiqu\u00e9 des services du Premier ministre.<\/p>\n<p class=\"c6\">\u00ab\u00a0En application des directives de Monsieur le Pr\u00e9sident de la R\u00e9publique,\u00a0le Premier ministre, Monsieur Abdelaziz DJERAD a instruit le Ministre des\u00a0Affaires Etrang\u00e8res, le Ministre de l&rsquo;Int\u00e9rieur, des Collectivit\u00e9s Locales\u00a0et de l&rsquo;Am\u00e9nagement du Territoire et le Ministre des Travaux Publics et des\u00a0Transports en vue d&rsquo;engager une op\u00e9ration de rapatriement des citoyens\u00a0voyageant \u00e0 l&rsquo;\u00e9tranger, bloqu\u00e9s suite \u00e0 la suspension des liaisons\u00a0a\u00e9riennes et maritimes durant le mois de Mars 2020 en raison de la Pand\u00e9mie\u00a0du Coronavirus + COVID-19+\u00a0\u00bb, pr\u00e9cise le communiqu\u00e9.<\/p>\n<p class=\"c6\">Dans ce cadre, ajoute-t-il, les citoyens concern\u00e9s par cette op\u00e9ration de\u00a0rapatriement et d\u00e9tenteurs de billets retour vers l&rsquo;Alg\u00e9rie sont invit\u00e9s \u00e0\u00a0s&rsquo;inscrire, d\u00e8s \u00e0 pr\u00e9sent, sur les sites internet suivants : www.pm.gov.dz\u00a0\u00a0www.mae.gov.dz \u00a0www.interieur.gov.dz (rubrique Rapatriement des citoyens\u00a0bloqu\u00e9s \u00e0 l&rsquo;\u00e9tranger) en renseignant toutes les informations requises en\u00a0vue de les recenser et les contacter.\u00a0<br \/>Par ailleurs et s&rsquo;agissant de la prolongation du d\u00e9lai d&rsquo;inscription au\u00a0p\u00e8lerinage sessions 2020\/2021, les services du Premier ministre signale que\u00a0la date limite de l&rsquo;inscription sur les sites pr\u00e9cit\u00e9s sera le Jeudi 23\u00a0Avril 2020, ce qui permettra \u00e0 l&rsquo;issue, de mobiliser la flotte a\u00e9rienne et\u00a0maritime n\u00e9cessaire pour la concr\u00e9tisation de cette importante op\u00e9ration de\u00a0rapatriement.<\/p>\n<p class=\"c6\">Enfin, les citoyens rapatri\u00e9s seront soumis aux mesures pr\u00e9ventives de\u00a0confinement sanitaire au niveau des structures recens\u00e9es \u00e0 cet effet, o\u00f9 un\u00a0suivi m\u00e9dical appropri\u00e9 leur sera dispens\u00e9, conclut le communiqu\u00e9.<\/p>\n<p class=\"c7\"><strong>APS<\/strong><\/p>\n<\/div>\n<div id=\"text_core\" readability=\"68\">\n<p class=\"c6\">Le Premier ministre, Abdelalziz Djerad, a\u00a0instruit les ministres concern\u00e9s \u00e0 l&rsquo;effet de proc\u00e9der au rapatriement des\u00a0citoyens bloqu\u00e9s \u00e0 l&rsquo;\u00e9tranger suite \u00e0 la suspension en mars dernier des\u00a0liaisons a\u00e9riennes et maritimes induite par la pand\u00e9mie du Coronavirus,\u00a0indique vendredi un communiqu\u00e9 des services du Premier ministre.<\/p>\n<p class=\"c6\">\u00ab\u00a0En application des directives de Monsieur le Pr\u00e9sident de la R\u00e9publique,\u00a0le Premier ministre, Monsieur Abdelaziz DJERAD a instruit le Ministre des\u00a0Affaires Etrang\u00e8res, le Ministre de l&rsquo;Int\u00e9rieur, des Collectivit\u00e9s Locales\u00a0et de l&rsquo;Am\u00e9nagement du Territoire et le Ministre des Travaux Publics et des\u00a0Transports en vue d&rsquo;engager une op\u00e9ration de rapatriement des citoyens\u00a0voyageant \u00e0 l&rsquo;\u00e9tranger, bloqu\u00e9s suite \u00e0 la suspension des liaisons\u00a0a\u00e9riennes et maritimes durant le mois de Mars 2020 en raison de la Pand\u00e9mie\u00a0du Coronavirus + COVID-19+\u00a0\u00bb, pr\u00e9cise le communiqu\u00e9.<\/p>\n<p class=\"c6\">Dans ce cadre, ajoute-t-il, les citoyens concern\u00e9s par cette op\u00e9ration de\u00a0rapatriement et d\u00e9tenteurs de billets retour vers l&rsquo;Alg\u00e9rie sont invit\u00e9s \u00e0\u00a0s&rsquo;inscrire, d\u00e8s \u00e0 pr\u00e9sent, sur les sites internet suivants : www.pm.gov.dz\u00a0\u00a0www.mae.gov.dz \u00a0www.interieur.gov.dz (rubrique Rapatriement des citoyens\u00a0bloqu\u00e9s \u00e0 l&rsquo;\u00e9tranger) en renseignant toutes les informations requises en\u00a0vue de les recenser et les contacter.\u00a0<br \/>Par ailleurs et s&rsquo;agissant de la prolongation du d\u00e9lai d&rsquo;inscription au\u00a0p\u00e8lerinage sessions 2020\/2021, les services du Premier ministre signale que\u00a0la date limite de l&rsquo;inscription sur les sites pr\u00e9cit\u00e9s sera le Jeudi 23\u00a0Avril 2020, ce qui permettra \u00e0 l&rsquo;issue, de mobiliser la flotte a\u00e9rienne et\u00a0maritime n\u00e9cessaire pour la concr\u00e9tisation de cette importante op\u00e9ration de\u00a0rapatriement.<\/p>\n<p class=\"c6\">Enfin, les citoyens rapatri\u00e9s seront soumis aux mesures pr\u00e9ventives de\u00a0confinement sanitaire au niveau des structures recens\u00e9es \u00e0 cet effet, o\u00f9 un\u00a0suivi m\u00e9dical appropri\u00e9 leur sera dispens\u00e9, conclut le communiqu\u00e9.<\/p>\n<p class=\"c7\"><strong>APS<\/strong><\/p>\n<\/div>\n<p>Auteur:<br \/>\n<a href=\"https:\/\/www.liberte-algerie.com\/actualite\/le-premier-ministre-ordonne-le-rapatriement-337554\">Cliquez ici pour lire l&rsquo;article depuis sa source.<\/a><\/p>\n","protected":false},"excerpt":{"rendered":"<p>Le Premier ministre, Abdelalziz Djerad, a\u00a0instruit les ministres concern\u00e9s \u00e0 l&rsquo;effet de proc\u00e9der au rapatriement des\u00a0citoyens bloqu\u00e9s \u00e0 l&rsquo;\u00e9tranger suite \u00e0 la suspension en mars dernier des\u00a0liaisons a\u00e9riennes et maritimes induite par la pand\u00e9mie du Coronavirus,\u00a0indique vendredi un communiqu\u00e9 des services du Premier ministre. \u00ab\u00a0En application des directives de Monsieur le Pr\u00e9sident de la R\u00e9publique,\u00a0le [&hellip;]<\/p>\n","protected":false},"author":1742,"featured_media":0,"comment_status":"closed","ping_status":"closed","sticky":false,"template":"","format":"standard","meta":{"fifu_image_url":"","fifu_image_alt":"","footnotes":""},"categories":[73,53],"tags":[],"class_list":["post-82666","post","type-post","status-publish","format-standard","hentry","category-actualite","category-algerie"],"_links":{"self":[{"href":"https:\/\/linitiative.ca\/International\/wp-json\/wp\/v2\/posts\/82666","targetHints":{"allow":["GET"]}}],"collection":[{"href":"https:\/\/linitiative.ca\/International\/wp-json\/wp\/v2\/posts"}],"about":[{"href":"https:\/\/linitiative.ca\/International\/wp-json\/wp\/v2\/types\/post"}],"author":[{"embeddable":true,"href":"https:\/\/linitiative.ca\/International\/wp-json\/wp\/v2\/users\/1742"}],"replies":[{"embeddable":true,"href":"https:\/\/linitiative.ca\/International\/wp-json\/wp\/v2\/comments?post=82666"}],"version-history":[{"count":0,"href":"https:\/\/linitiative.ca\/International\/wp-json\/wp\/v2\/posts\/82666\/revisions"}],"wp:attachment":[{"href":"https:\/\/linitiative.ca\/International\/wp-json\/wp\/v2\/media?parent=82666"}],"wp:term":[{"taxonomy":"category","embeddable":true,"href":"https:\/\/linitiative.ca\/International\/wp-json\/wp\/v2\/categories?post=82666"},{"taxonomy":"post_tag","embeddable":true,"href":"https:\/\/linitiative.ca\/International\/wp-json\/wp\/v2\/tags?post=82666"}],"curies":[{"name":"wp","href":"https:\/\/api.w.org\/{rel}","templated":true}]}}