{"id":82671,"date":"2020-04-17T08:40:46","date_gmt":"2020-04-17T12:40:46","guid":{"rendered":"https:\/\/linitiative.ca\/International\/setif-gueri-du-coronavirus-djamel-djaballah-raconte-son-calvaire-avec-la-pandemie\/"},"modified":"2020-04-17T08:40:46","modified_gmt":"2020-04-17T12:40:46","slug":"setif-gueri-du-coronavirus-djamel-djaballah-raconte-son-calvaire-avec-la-pandemie","status":"publish","type":"post","link":"https:\/\/linitiative.ca\/International\/setif-gueri-du-coronavirus-djamel-djaballah-raconte-son-calvaire-avec-la-pandemie\/","title":{"rendered":"S\u00e9tif: Gu\u00e9ri du coronavirus, Djamel Djaballah raconte son calvaire avec la pand\u00e9mie"},"content":{"rendered":"<div readability=\"39\">\n<p><strong>SETIF &#8211; Contamin\u00e9 par le nouveau coronavirus, Djamel Djaballah, un jeune homme originaire de la commune de Bir El Arch (60 km \u00e0 l&rsquo;Est de S\u00e9tif), a men\u00e9 un combat \u00e9prouvant contre le Covid-19 et a r\u00e9ussi \u00e0 vaincre cette maladie, renvoyant un message d&rsquo;espoir \u00e0 toutes les personnes infect\u00e9es par ce virus en Alg\u00e9rie.<\/strong><\/p>\n<\/div>\n<div readability=\"151.700906904\">\n<p>Pour affronter cette \u00ab\u00a0dure\u00a0\u00bb \u00e9preuve, cet homme de 36 ans, s&rsquo;est arm\u00e9 de courage et a fait confiance aux soignants, m\u00e9decins et param\u00e9dicaux de l&rsquo;h\u00f4pital public hospitalier (EPH) Saroub El Khathir d&rsquo;El Eulma (15 km \u00e0 l&rsquo;Est de S\u00e9tif) pour remporter la bataille contre le Covid-19, pour \u00eatre un rescap\u00e9 d\u2019une \u00e9pid\u00e9mie qui a \u00e9branl\u00e9 le monde.<\/p>\n<p>En convalescence apr\u00e8s avoir quitt\u00e9 l\u2019h\u00f4pital il y a quelques jours, Djamel souhaite, \u00e0 pr\u00e9sent, partager son \u00e2pre exp\u00e9rience avec le coronavirus et en parler.<\/p>\n<blockquote readability=\"10\">\n<p><em><strong>\u00ab\u00a0Je suis rentr\u00e9 de France vers la mi-mars dernier avec ma femme sur un vol de la compagnie d\u2019Air Alg\u00e9rie assurant la ligne Lyon-Alger, et en arrivant \u00e0 l&rsquo;a\u00e9roport, on m\u2019a soumis au contr\u00f4le de temp\u00e9rature et elle \u00e9tait normale\u00a0\u00bb, a-t-il dit.<\/strong><\/em><\/p>\n<\/blockquote>\n<p>Bien que cet examen n\u2019a pas rien laiss\u00e9 transparaitre d\u2019une possibilit\u00e9 d&rsquo;infection par le coronavirus, Djamel et sa femme ont pris des pr\u00e9cautions pour \u00e9viter une \u00e9ventuelle\u00a0 contamination aux membres de la famille. Le couple a laiss\u00e9 sa fille de 2 ans chez ses oncles maternels.<\/p>\n<hr\/>\n<h3>Lire aussi:\u00a0<a href=\"http:\/\/www.aps.dz\/regions\/103819-covid-19-ouverture-d-un-atelier-de-fabrication-des-masques-de-protection-a-la-maison-de-jeunes-abdelhamid-anani\" target=\"_blank\" rel=\"noopener noreferrer\">Covid-19: ouverture d\u2019un atelier de fabrication des masques de protection \u00e0 la maison de jeunes Abdelhamid Anani<\/a><\/h3>\n<hr\/>\n<p>Une fois chez lui, Djamel Djaballah se rappelle avoir ressenti, d\u00e8s la premi\u00e8re nuit, des sympt\u00f4mes grippaux tels que des maux de gorge et de la toux, avant que son \u00e9tat ne s&rsquo;aggrave, trois jours apr\u00e8s, avec une fi\u00e8vre \u00e9lev\u00e9e, une toux s\u00e8che et des difficult\u00e9s respiratoires qui ont pr\u00e9cipit\u00e9 son d\u00e9part \u00e0 l&rsquo;h\u00f4pital, o\u00f9 il a \u00e9t\u00e9 tr\u00e8s vite soup\u00e7onn\u00e9 d\u2019avoir contract\u00e9 le coronavirus.<\/p>\n<blockquote readability=\"12\">\n<p><em><strong>\u00ab\u00a0On m\u2019a fait un pr\u00e9l\u00e8vement sanguin pour le soumettre \u00e0 des tests, en plus d\u2019une mise en quarantaine au service infectieux en attendant les r\u00e9sultats qui devaient \u00eatre transmis par l&rsquo;Institut Pasteur d&rsquo;Alger\u00a0\u00bb, relate-t-il, tout en reconnaissant que \u00ab\u00a0la confirmation de sa contamination par le coronavirus n&rsquo;\u00e9tait pas une surprise, compte tenu des sympt\u00f4mes ressentis\u00a0\u00bb.<\/strong><\/em><\/p>\n<\/blockquote>\n<p>Pour Djamel, le plus dur c\u2019\u00e9tait l\u2019attente des r\u00e9sultats des analyses, surtout d&rsquo;un point de vue psychologique, d&rsquo;autant que le\u00a0 processus a n\u00e9cessit\u00e9 6 jours. \u00ab\u00a0C\u2019\u00e9tait les 6 jours les plus longs de ma vie\u00a0\u00bb, confie-t-il.<\/p>\n<p>Toujours en quarantaine \u00e0 son domicile, cet homme se rappelle \u00e9galement les douleurs occasionn\u00e9es par la maladie, faisant \u00e9tat d\u2019un \u00ab\u00a0violent mal de t\u00eate et une chaleur intense semblable \u00e0 celle d\u00e9gag\u00e9e par le corps apr\u00e8s un exercice physique intense, des sympt\u00f4mes ayant disparu apr\u00e8s cinq jours\u00a0\u00bb.<\/p>\n<p class=\"c29\"><strong>Un personnel m\u00e9dical et param\u00e9dical aux petits soins<\/strong><\/p>\n<p>Dans son t\u00e9moignage, Djamel n&rsquo;a pas manqu\u00e9 de saluer le r\u00f4le primordial du personnel m\u00e9dical et param\u00e9dical de l&rsquo;\u00e9tablissement public hospitalier, EPH- Saroub El Khathir dans sa gu\u00e9rison, gr\u00e2ce au traitement et aux soins qui lui ont \u00e9t\u00e9 prodigu\u00e9s.<\/p>\n<p>\u00ab\u00a0J\u2019ai \u00e9t\u00e9 sensible \u00e0 la prise en charge dont j\u2019ai b\u00e9n\u00e9fici\u00e9 \u00e0 l&rsquo;h\u00f4pital et impressionn\u00e9 par la qualit\u00e9 des soins, la mobilisation et la disponibilit\u00e9 du personnel m\u00e9dical et param\u00e9dical qui a veill\u00e9 \u00e0 l\u2019\u00e9volution de mon \u00e9tat de sant\u00e9 en me rassurant r\u00e9guli\u00e8rement avec le sourire, en d\u00e9pit du fait qu\u2019ils sont confront\u00e9s quotidiennement \u00e0 ce virus dangereux et f\u00e9roce\u00a0\u00bb.<\/p>\n<p>Et d\u2019ajouter : \u00ab\u00a0tout au long des onze jours que j\u2019ai pass\u00e9 \u00e0 l\u2019h\u00f4pital, m\u00e9decins et param\u00e9dicaux n\u2019ont cess\u00e9 de me faire comprendre qu\u2019ils \u00e9taient l\u00e0, avec moi et que cela va passer m\u00eame si par moment j\u2019\u00e9tais dans un \u00e9tat critique\u00a0\u00bb.<\/p>\n<p>Djamel a rendu un vibrant hommage aux \u00ab\u00a0blouses blanches\u00a0\u00bb pour les \u00ab\u00a0efforts immenses d\u00e9ploy\u00e9s et pour leur professionnalisme face \u00e0 cette pand\u00e9mie afin de soigner et sauver les patients infect\u00e9s par le coronavirus\u00a0\u00bb.<\/p>\n<p>Evoquant, par ailleurs, l\u2019\u00e9lan de solidarit\u00e9 dont il a fait l\u2019objet sur Facebook, Djamel s\u2019est rappel\u00e9 les onze jours d&rsquo;isolement et de douleur, pass\u00e9s seul dans sa chambre d&rsquo;h\u00f4pital, avec son portable pour seul lien avec le monde ext\u00e9rieur pour rassurer sa famille sur son \u00e9tat de sant\u00e9 ou pour surfer sur Internet, ainsi qu\u2019un t\u00e9l\u00e9viseur relayant en permanence des informations sur le Covid-19.<\/p>\n<p>\u00ab\u00a0Les messages de solidarit\u00e9 et de soutien publi\u00e9s sur ma page Facebook m\u2019ont insuffl\u00e9 beaucoup d&rsquo;espoir et m\u2019ont boost\u00e9 le moral, me rendant plus solide pour affronter la peur et plus r\u00e9sistant pour vaincre la maladie\u00a0\u00bb.<\/p>\n<p>Au bout de dix jours d\u2019isolement, Djamel se rem\u00e9more que son \u00e9tat s\u2019\u00e9tait nettement am\u00e9lior\u00e9 et assure qu\u2019\u00e0 travers la voix rassurante et confiante du m\u00e9decin chef lui annon\u00e7ant qu\u2019elle allait lui faire des pr\u00e9l\u00e8vements pour un deuxi\u00e8me test \u00e0 l\u2019annexe de l&rsquo;Institut Pasteur de Constantine, il \u00e9tait s\u00fbr qu\u2019il \u00e9tait gu\u00e9ri.<\/p>\n<p>\u00ab\u00a0Le r\u00e9sultat n\u00e9gatif du deuxi\u00e8me test \u00e9tait un grand \u00e9v\u00e9nement au service infectieux. Je pouvais quitter l\u2019h\u00f4pital. Pour l\u2019ensemble du personnel de cet \u00e9tablissement et pour moi aussi, c\u2019\u00e9tait enfin le bout du tunnel\u00a0\u00bb, se rappelle-t-il, \u00e9mu jusqu\u2019aux larmes.<\/p>\n<p>Au terme de son t\u00e9moignage, Djamel Djaballah a appel\u00e9 tous les citoyens, sans exception, particuli\u00e8rement les jeunes, \u00e0 respecter les mesures pr\u00e9ventives n\u00e9cessaires, consid\u00e9r\u00e9es comme \u00ab\u00a0le seul moyen de lutter contre le coronavirus\u00a0\u00bb, et \u00e0 faire preuve de responsabilit\u00e9 envers les personnes \u00e2g\u00e9es souffrant de pathologies chroniques, car tr\u00e8s \u00ab\u00a0vuln\u00e9rables\u00a0\u00bb et \u00ab\u00a0tr\u00e8s expos\u00e9es \u00e0 la maladie\u00a0\u00bb.<\/p>\n<\/div>\n<p>Auteur:<br \/>\n<a href=\"http:\/\/www.aps.dz\/regions\/104129-setif-gueri-du-coronavirus-djamel-djaballah-raconte-son-calvaire-avec-la-pandemie\">Cliquez ici pour lire l&rsquo;article depuis sa source.<\/a><\/p>\n","protected":false},"excerpt":{"rendered":"<p>SETIF &#8211; Contamin\u00e9 par le nouveau coronavirus, Djamel Djaballah, un jeune homme originaire de la commune de Bir El Arch (60 km \u00e0 l&rsquo;Est de S\u00e9tif), a men\u00e9 un combat \u00e9prouvant contre le Covid-19 et a r\u00e9ussi \u00e0 vaincre cette maladie, renvoyant un message d&rsquo;espoir \u00e0 toutes les personnes infect\u00e9es par ce virus en Alg\u00e9rie. [&hellip;]<\/p>\n","protected":false},"author":1790,"featured_media":0,"comment_status":"closed","ping_status":"closed","sticky":false,"template":"","format":"standard","meta":{"fifu_image_url":"","fifu_image_alt":"","footnotes":""},"categories":[53,76],"tags":[],"class_list":["post-82671","post","type-post","status-publish","format-standard","hentry","category-algerie","category-regions"],"_links":{"self":[{"href":"https:\/\/linitiative.ca\/International\/wp-json\/wp\/v2\/posts\/82671","targetHints":{"allow":["GET"]}}],"collection":[{"href":"https:\/\/linitiative.ca\/International\/wp-json\/wp\/v2\/posts"}],"about":[{"href":"https:\/\/linitiative.ca\/International\/wp-json\/wp\/v2\/types\/post"}],"author":[{"embeddable":true,"href":"https:\/\/linitiative.ca\/International\/wp-json\/wp\/v2\/users\/1790"}],"replies":[{"embeddable":true,"href":"https:\/\/linitiative.ca\/International\/wp-json\/wp\/v2\/comments?post=82671"}],"version-history":[{"count":0,"href":"https:\/\/linitiative.ca\/International\/wp-json\/wp\/v2\/posts\/82671\/revisions"}],"wp:attachment":[{"href":"https:\/\/linitiative.ca\/International\/wp-json\/wp\/v2\/media?parent=82671"}],"wp:term":[{"taxonomy":"category","embeddable":true,"href":"https:\/\/linitiative.ca\/International\/wp-json\/wp\/v2\/categories?post=82671"},{"taxonomy":"post_tag","embeddable":true,"href":"https:\/\/linitiative.ca\/International\/wp-json\/wp\/v2\/tags?post=82671"}],"curies":[{"name":"wp","href":"https:\/\/api.w.org\/{rel}","templated":true}]}}