{"id":82672,"date":"2020-04-17T13:29:51","date_gmt":"2020-04-17T17:29:51","guid":{"rendered":"https:\/\/linitiative.ca\/International\/covid-19-281-nouveaux-cas-confirmes-au-maroc\/"},"modified":"2020-04-17T13:29:51","modified_gmt":"2020-04-17T17:29:51","slug":"covid-19-281-nouveaux-cas-confirmes-au-maroc","status":"publish","type":"post","link":"https:\/\/linitiative.ca\/International\/covid-19-281-nouveaux-cas-confirmes-au-maroc\/","title":{"rendered":"Covid-19 : 281 nouveaux cas confirm\u00e9s au Maroc"},"content":{"rendered":"<div class=\"single-featured\"><img alt=\"\" data-src=\"http:\/\/www.mapoujda.ma\/map\/uploads\/2020\/03\/Si&#xE8;ge-de-la-direction-de-l&#x2019;&#xE9;pid&#xE9;miologie-et-de-la-lutte-contre-les-maladies-M750&#xD7;430-MAP.jpg\"\/><\/div>\n<div class=\"entry-content clearfix single-post-content\" readability=\"47\">\n<p class=\"c4\">Deux cent quatre-vingt-un (281) nouveaux cas d\u2019infection au coronavirus (Covid-19) ont \u00e9t\u00e9 confirm\u00e9s au Maroc lors des derni\u00e8res 24 heures, portant \u00e0 2.564 le nombre total des cas de contamination, a annonc\u00e9 vendredi le minist\u00e8re de la Sant\u00e9.<\/p>\n<p class=\"c4\">Le nombre de personnes d\u00e9clar\u00e9es gu\u00e9ries s\u2019est \u00e9lev\u00e9, jusqu\u2019\u00e0 vendredi \u00e0 18H00, \u00e0 281 avec 32 r\u00e9missions suppl\u00e9mentaires, alors que le nombre de d\u00e9c\u00e8s a \u00e9t\u00e9 port\u00e9 \u00e0 135 avec 05 nouveaux d\u00e9c\u00e8s, a indiqu\u00e9 le directeur de l\u2019\u00e9pid\u00e9miologie et de lutte contre les maladies au minist\u00e8re de la Sant\u00e9, Mohamed El Youbi, dans une d\u00e9claration retransmise par la MAP sur sa cha\u00eene de t\u00e9l\u00e9vision M24 et et sur RIM RADIO.<\/p>\n<\/div>\n<p>Auteur: Soufiane ELAHMAR<br \/>\n<a href=\"http:\/\/www.mapoujda.ma\/fr\/covid-19-281-nouveaux-cas-confirmes-au-maroc\/\">Cliquez ici pour lire l&rsquo;article depuis sa source.<\/a><\/p>\n","protected":false},"excerpt":{"rendered":"<p>Deux cent quatre-vingt-un (281) nouveaux cas d\u2019infection au coronavirus (Covid-19) ont \u00e9t\u00e9 confirm\u00e9s au Maroc lors des derni\u00e8res 24 heures, portant \u00e0 2.564 le nombre total des cas de contamination, a annonc\u00e9 vendredi le minist\u00e8re de la Sant\u00e9. Le nombre de personnes d\u00e9clar\u00e9es gu\u00e9ries s\u2019est \u00e9lev\u00e9, jusqu\u2019\u00e0 vendredi \u00e0 18H00, \u00e0 281 avec 32 r\u00e9missions [&hellip;]<\/p>\n","protected":false},"author":1788,"featured_media":0,"comment_status":"closed","ping_status":"closed","sticky":false,"template":"","format":"standard","meta":{"fifu_image_url":"","fifu_image_alt":"","footnotes":""},"categories":[54,76],"tags":[],"class_list":["post-82672","post","type-post","status-publish","format-standard","hentry","category-maroc","category-regions"],"_links":{"self":[{"href":"https:\/\/linitiative.ca\/International\/wp-json\/wp\/v2\/posts\/82672","targetHints":{"allow":["GET"]}}],"collection":[{"href":"https:\/\/linitiative.ca\/International\/wp-json\/wp\/v2\/posts"}],"about":[{"href":"https:\/\/linitiative.ca\/International\/wp-json\/wp\/v2\/types\/post"}],"author":[{"embeddable":true,"href":"https:\/\/linitiative.ca\/International\/wp-json\/wp\/v2\/users\/1788"}],"replies":[{"embeddable":true,"href":"https:\/\/linitiative.ca\/International\/wp-json\/wp\/v2\/comments?post=82672"}],"version-history":[{"count":0,"href":"https:\/\/linitiative.ca\/International\/wp-json\/wp\/v2\/posts\/82672\/revisions"}],"wp:attachment":[{"href":"https:\/\/linitiative.ca\/International\/wp-json\/wp\/v2\/media?parent=82672"}],"wp:term":[{"taxonomy":"category","embeddable":true,"href":"https:\/\/linitiative.ca\/International\/wp-json\/wp\/v2\/categories?post=82672"},{"taxonomy":"post_tag","embeddable":true,"href":"https:\/\/linitiative.ca\/International\/wp-json\/wp\/v2\/tags?post=82672"}],"curies":[{"name":"wp","href":"https:\/\/api.w.org\/{rel}","templated":true}]}}