{"id":82678,"date":"2020-04-17T15:11:32","date_gmt":"2020-04-17T19:11:32","guid":{"rendered":"https:\/\/linitiative.ca\/International\/divers-morceli-favorable-a-louverture-des-complexes-pour-les-sportifs-delite-mais-a-des-conditions\/"},"modified":"2020-04-17T15:11:32","modified_gmt":"2020-04-17T19:11:32","slug":"divers-morceli-favorable-a-louverture-des-complexes-pour-les-sportifs-delite-mais-a-des-conditions","status":"publish","type":"post","link":"https:\/\/linitiative.ca\/International\/divers-morceli-favorable-a-louverture-des-complexes-pour-les-sportifs-delite-mais-a-des-conditions\/","title":{"rendered":"Divers : Morceli favorable \u00e0 l&rsquo;ouverture des complexes pour les sportifs d\u2019\u00e9lite, mais \u00e0 des conditions"},"content":{"rendered":"<div readability=\"32\">\n<p>Auteur : <span class=\"time\">vendredi 17 avril 2020 18:11<\/span><\/p>\n<\/div>\n<div id=\"post_core\" readability=\"44\">\n<p>Nouredine Morceli a ainsi d\u00e9clar\u00e9 \u00e0 l&rsquo;APS : \u00ab\u00a0les sportifs d&rsquo;\u00e9lite alg\u00e9riens, actuellement confin\u00e9s, continuent de s&rsquo;entra\u00eener \u00e0 domicile pour ceux qui le peuvent afin de maintenir leur condition physique, mais cela ne saurait se substituer \u00e0 la pr\u00e9paration au niveau des complexes sportifs\u00a0\u00bb.<\/p>\n<p>L secr\u00e9taire d\u2019Etat est donc favorable \u00e0 \u00ab\u00a0l&rsquo;ouverture des infrastructures sportives afin de permettre aux sportifs d&rsquo;\u00e9lite de continuer \u00e0 se pr\u00e9parer pendant le confinement d\u00e9cr\u00e9t\u00e9 en raison de la pand\u00e9mie de Covid-19\u00a0\u00bb, en insistant toutefois sur \u00ab\u00a0l&rsquo;imp\u00e9ratif de les soumettre aux tests de d\u00e9pistage et de mobiliser une \u00e9quipe m\u00e9dicale comme \u00e7a se fait dans certains pays tels que les Etats-Unis d&rsquo;Am\u00e9rique\u00a0\u00bb.<\/p>\n<p><strong>Publi\u00e9 dans :<\/strong> <span>Morceli<\/span><\/p>\n<\/div>\n<p>Auteur:<br \/>\n<a href=\"http:\/\/www.lebuteur.com\/article\/detail?titre=morceli-favorable-a-louverture-des-complexes-pour-les-sportifs-delite-mais-a-des-conditions&#038;id=95657&#038;utm_source=feedburner&#038;utm_medium=feed&#038;utm_campaign=Feed%3A+GalerieFArtciles+%28Les+derniers+articles++-+lebuteur.com%29\">Cliquez ici pour lire l&rsquo;article depuis sa source.<\/a><\/p>\n","protected":false},"excerpt":{"rendered":"<p>Auteur : vendredi 17 avril 2020 18:11 Nouredine Morceli a ainsi d\u00e9clar\u00e9 \u00e0 l&rsquo;APS : \u00ab\u00a0les sportifs d&rsquo;\u00e9lite alg\u00e9riens, actuellement confin\u00e9s, continuent de s&rsquo;entra\u00eener \u00e0 domicile pour ceux qui le peuvent afin de maintenir leur condition physique, mais cela ne saurait se substituer \u00e0 la pr\u00e9paration au niveau des complexes sportifs\u00a0\u00bb. L secr\u00e9taire d\u2019Etat est [&hellip;]<\/p>\n","protected":false},"author":1738,"featured_media":82679,"comment_status":"closed","ping_status":"closed","sticky":false,"template":"","format":"standard","meta":{"fifu_image_url":"","fifu_image_alt":"","footnotes":""},"categories":[53,75],"tags":[],"class_list":["post-82678","post","type-post","status-publish","format-standard","has-post-thumbnail","hentry","category-algerie","category-sport"],"_links":{"self":[{"href":"https:\/\/linitiative.ca\/International\/wp-json\/wp\/v2\/posts\/82678","targetHints":{"allow":["GET"]}}],"collection":[{"href":"https:\/\/linitiative.ca\/International\/wp-json\/wp\/v2\/posts"}],"about":[{"href":"https:\/\/linitiative.ca\/International\/wp-json\/wp\/v2\/types\/post"}],"author":[{"embeddable":true,"href":"https:\/\/linitiative.ca\/International\/wp-json\/wp\/v2\/users\/1738"}],"replies":[{"embeddable":true,"href":"https:\/\/linitiative.ca\/International\/wp-json\/wp\/v2\/comments?post=82678"}],"version-history":[{"count":0,"href":"https:\/\/linitiative.ca\/International\/wp-json\/wp\/v2\/posts\/82678\/revisions"}],"wp:featuredmedia":[{"embeddable":true,"href":"https:\/\/linitiative.ca\/International\/wp-json\/"}],"wp:attachment":[{"href":"https:\/\/linitiative.ca\/International\/wp-json\/wp\/v2\/media?parent=82678"}],"wp:term":[{"taxonomy":"category","embeddable":true,"href":"https:\/\/linitiative.ca\/International\/wp-json\/wp\/v2\/categories?post=82678"},{"taxonomy":"post_tag","embeddable":true,"href":"https:\/\/linitiative.ca\/International\/wp-json\/wp\/v2\/tags?post=82678"}],"curies":[{"name":"wp","href":"https:\/\/api.w.org\/{rel}","templated":true}]}}