{"id":82680,"date":"2020-04-17T15:11:34","date_gmt":"2020-04-17T19:11:34","guid":{"rendered":"https:\/\/linitiative.ca\/International\/international-chelsea-pedro-a-de-nombreuses-touches\/"},"modified":"2020-04-17T15:11:34","modified_gmt":"2020-04-17T19:11:34","slug":"international-chelsea-pedro-a-de-nombreuses-touches","status":"publish","type":"post","link":"https:\/\/linitiative.ca\/International\/international-chelsea-pedro-a-de-nombreuses-touches\/","title":{"rendered":"International : Chelsea : Pedro a de nombreuses touches"},"content":{"rendered":"<div readability=\"32\">\n<p>Auteur : <span class=\"time\">vendredi 17 avril 2020 19:00<\/span><\/p>\n<\/div>\n<div id=\"post_core\" readability=\"45\">\n<p>En fin de contrat au mois de juin, il ne sera pas prolong\u00e9 par ses dirigeants. Concernant son avenir, il disposerait de nombreuses pistes comme nous le r\u00e9v\u00e8le le site Les-Transferts. Tout d\u2019abord, il aurait la possibilit\u00e9 de retourner en Espagne o\u00f9 le Betis Seville lui ferait les yeux doux.<\/p>\n<p>En Italie, l\u2019international espagnol int\u00e9resserait l\u2019AS Roma, le Milan AC et la Lazio Rome. Ce dernier pourrait \u00e9galement quitter le continent europ\u00e9en puisque le club qatari d\u2019Al Sadd SC ainsi que des formations de MLS aimeraient l\u2019accueillir.<\/p>\n<p><strong>Publi\u00e9 dans :<\/strong> <span>Chelsea : Pedro<\/span><\/p>\n<\/div>\n<p>Auteur:<br \/>\n<a href=\"http:\/\/www.lebuteur.com\/article\/detail?titre=chelsea-pedro-a-de-nombreuses-touches&#038;id=95656&#038;utm_source=feedburner&#038;utm_medium=feed&#038;utm_campaign=Feed%3A+GalerieFArtciles+%28Les+derniers+articles++-+lebuteur.com%29\">Cliquez ici pour lire l&rsquo;article depuis sa source.<\/a><\/p>\n","protected":false},"excerpt":{"rendered":"<p>Auteur : vendredi 17 avril 2020 19:00 En fin de contrat au mois de juin, il ne sera pas prolong\u00e9 par ses dirigeants. Concernant son avenir, il disposerait de nombreuses pistes comme nous le r\u00e9v\u00e8le le site Les-Transferts. Tout d\u2019abord, il aurait la possibilit\u00e9 de retourner en Espagne o\u00f9 le Betis Seville lui ferait les [&hellip;]<\/p>\n","protected":false},"author":1738,"featured_media":82681,"comment_status":"closed","ping_status":"closed","sticky":false,"template":"","format":"standard","meta":{"fifu_image_url":"","fifu_image_alt":"","footnotes":""},"categories":[53,75],"tags":[],"class_list":["post-82680","post","type-post","status-publish","format-standard","has-post-thumbnail","hentry","category-algerie","category-sport"],"_links":{"self":[{"href":"https:\/\/linitiative.ca\/International\/wp-json\/wp\/v2\/posts\/82680","targetHints":{"allow":["GET"]}}],"collection":[{"href":"https:\/\/linitiative.ca\/International\/wp-json\/wp\/v2\/posts"}],"about":[{"href":"https:\/\/linitiative.ca\/International\/wp-json\/wp\/v2\/types\/post"}],"author":[{"embeddable":true,"href":"https:\/\/linitiative.ca\/International\/wp-json\/wp\/v2\/users\/1738"}],"replies":[{"embeddable":true,"href":"https:\/\/linitiative.ca\/International\/wp-json\/wp\/v2\/comments?post=82680"}],"version-history":[{"count":0,"href":"https:\/\/linitiative.ca\/International\/wp-json\/wp\/v2\/posts\/82680\/revisions"}],"wp:featuredmedia":[{"embeddable":true,"href":"https:\/\/linitiative.ca\/International\/wp-json\/"}],"wp:attachment":[{"href":"https:\/\/linitiative.ca\/International\/wp-json\/wp\/v2\/media?parent=82680"}],"wp:term":[{"taxonomy":"category","embeddable":true,"href":"https:\/\/linitiative.ca\/International\/wp-json\/wp\/v2\/categories?post=82680"},{"taxonomy":"post_tag","embeddable":true,"href":"https:\/\/linitiative.ca\/International\/wp-json\/wp\/v2\/tags?post=82680"}],"curies":[{"name":"wp","href":"https:\/\/api.w.org\/{rel}","templated":true}]}}