{"id":82682,"date":"2020-04-17T15:11:36","date_gmt":"2020-04-17T19:11:36","guid":{"rendered":"https:\/\/linitiative.ca\/International\/international-man-city-benatia-pointe-du-doigt-un-defaut-de-guardiola\/"},"modified":"2020-04-17T15:11:36","modified_gmt":"2020-04-17T19:11:36","slug":"international-man-city-benatia-pointe-du-doigt-un-defaut-de-guardiola","status":"publish","type":"post","link":"https:\/\/linitiative.ca\/International\/international-man-city-benatia-pointe-du-doigt-un-defaut-de-guardiola\/","title":{"rendered":"International : Man City : Benatia pointe du doigt un d\u00e9faut de Guardiola"},"content":{"rendered":"<div readability=\"32\">\n<p>Auteur : <span class=\"time\">vendredi 17 avril 2020 19:02<\/span><\/p>\n<\/div>\n<div id=\"post_core\" readability=\"54\">\n<p>\u00ab\u00a0Tactiquement, c\u2019est le meilleur entra\u00eeneur du monde, je n\u2019en vois pas un meilleur que lui. Mais je ne l\u2019aimais pas beaucoup par rapport \u00e0 la relation qu\u2019il avait avec les joueurs. De ce point de vue, il ne m\u2019a pas impressionn\u00e9\u00a0\u00bb, a ainsi d\u00e9clar\u00e9 Benatia comme rapport\u00e9 par africatosports.<\/p>\n<p>L&rsquo;ex-international marocain estime \u00e9galement que malgr\u00e9 les rumeurs qui envoient l&rsquo;entraineur espagnol \u00e0 la Juventus, Maurizio Sarri m\u00e9rite plus de temps pour mener son projet \u00e0 bien :<\/p>\n<p>\u00ab\u00a0Il (Guardiola) pourrait certainement \u00eatre un bon profil pour la Juve, mais \u00e0 mon avis, Sarri a \u00e9galement une excellente id\u00e9e du football. Cette ann\u00e9e a peut-\u00eatre \u00e9t\u00e9 un peu plus compliqu\u00e9e pour la Juve, mais le changement demande toujours de la patience. Il ne faut pas oublier que nous parlons d\u2019une \u00e9quipe toujours en lice pour tout gagner. Ainsi, le travail propos\u00e9 jusqu\u2019\u00e0 pr\u00e9sent a \u00e9t\u00e9 de niveau. Et je ne pense pas qu\u2019il soit juste de parler d\u2019autres entra\u00eeneurs en ce moment, les Bianconeri en ont un bon\u00a0\u00bb, a-t-il soulign\u00e9.<\/p>\n<p><strong>Publi\u00e9 dans :<\/strong> <span>Guardiola<\/span><\/p>\n<\/div>\n<p>Auteur:<br \/>\n<a href=\"http:\/\/www.lebuteur.com\/article\/detail?titre=man-city-benatia-pointe-du-doigt-un-defaut-de-guardiola&#038;id=95658&#038;utm_source=feedburner&#038;utm_medium=feed&#038;utm_campaign=Feed%3A+GalerieFArtciles+%28Les+derniers+articles++-+lebuteur.com%29\">Cliquez ici pour lire l&rsquo;article depuis sa source.<\/a><\/p>\n","protected":false},"excerpt":{"rendered":"<p>Auteur : vendredi 17 avril 2020 19:02 \u00ab\u00a0Tactiquement, c\u2019est le meilleur entra\u00eeneur du monde, je n\u2019en vois pas un meilleur que lui. Mais je ne l\u2019aimais pas beaucoup par rapport \u00e0 la relation qu\u2019il avait avec les joueurs. De ce point de vue, il ne m\u2019a pas impressionn\u00e9\u00a0\u00bb, a ainsi d\u00e9clar\u00e9 Benatia comme rapport\u00e9 par [&hellip;]<\/p>\n","protected":false},"author":1738,"featured_media":82683,"comment_status":"closed","ping_status":"closed","sticky":false,"template":"","format":"standard","meta":{"fifu_image_url":"","fifu_image_alt":"","footnotes":""},"categories":[53,75],"tags":[],"class_list":["post-82682","post","type-post","status-publish","format-standard","has-post-thumbnail","hentry","category-algerie","category-sport"],"_links":{"self":[{"href":"https:\/\/linitiative.ca\/International\/wp-json\/wp\/v2\/posts\/82682","targetHints":{"allow":["GET"]}}],"collection":[{"href":"https:\/\/linitiative.ca\/International\/wp-json\/wp\/v2\/posts"}],"about":[{"href":"https:\/\/linitiative.ca\/International\/wp-json\/wp\/v2\/types\/post"}],"author":[{"embeddable":true,"href":"https:\/\/linitiative.ca\/International\/wp-json\/wp\/v2\/users\/1738"}],"replies":[{"embeddable":true,"href":"https:\/\/linitiative.ca\/International\/wp-json\/wp\/v2\/comments?post=82682"}],"version-history":[{"count":0,"href":"https:\/\/linitiative.ca\/International\/wp-json\/wp\/v2\/posts\/82682\/revisions"}],"wp:featuredmedia":[{"embeddable":true,"href":"https:\/\/linitiative.ca\/International\/wp-json\/"}],"wp:attachment":[{"href":"https:\/\/linitiative.ca\/International\/wp-json\/wp\/v2\/media?parent=82682"}],"wp:term":[{"taxonomy":"category","embeddable":true,"href":"https:\/\/linitiative.ca\/International\/wp-json\/wp\/v2\/categories?post=82682"},{"taxonomy":"post_tag","embeddable":true,"href":"https:\/\/linitiative.ca\/International\/wp-json\/wp\/v2\/tags?post=82682"}],"curies":[{"name":"wp","href":"https:\/\/api.w.org\/{rel}","templated":true}]}}