{"id":82684,"date":"2020-04-17T15:16:30","date_gmt":"2020-04-17T19:16:30","guid":{"rendered":"https:\/\/linitiative.ca\/International\/telecommunications-lalgerie-determinee-a-developper-son-activite-spatiale\/"},"modified":"2020-04-17T15:16:30","modified_gmt":"2020-04-17T19:16:30","slug":"telecommunications-lalgerie-determinee-a-developper-son-activite-spatiale","status":"publish","type":"post","link":"https:\/\/linitiative.ca\/International\/telecommunications-lalgerie-determinee-a-developper-son-activite-spatiale\/","title":{"rendered":"T\u00e9l\u00e9communications : L\u2019Alg\u00e9rie d\u00e9termin\u00e9e  \u00e0 d\u00e9velopper son activit\u00e9 spatiale"},"content":{"rendered":"<p>Le ministre de la Poste et des T\u00e9l\u00e9communications, Brahim Boumzar, a mis en avant jeudi la d\u00e9termination de l\u2019Alg\u00e9rie \u00e0 d\u00e9velopper son activit\u00e9 spatiale nationale dans le domaine des t\u00e9l\u00e9communications, selon un communiqu\u00e9 du minist\u00e8re.<br \/>S&rsquo;exprimant lors de la s\u00e9ance d\u2019ouverture de la 43e session de l\u2019Assembl\u00e9e g\u00e9n\u00e9rale d\u2019ARABSAT, tenue en visioconf\u00e9rence en raison de la propagation du Covid-19, le ministre a soulign\u00e9 que l\u2019Alg\u00e9rie r\u00e9affirmait sa d\u00e9termination \u00e0 coop\u00e9rer avec ARABSAT et \u00e0 tirer profit de sa grande exp\u00e9rience dans ce domaine vital.<br \/>Affirmant qu\u2019ARABSAT figurait parmi les projets communs les plus r\u00e9ussis, le ministre a qualifi\u00e9 ARABSAT de \u00abpionni\u00e8re\u00bb dans le domaine des t\u00e9l\u00e9communications spatiales pour ses services fournis au Monde arabe depuis plus de 40 ans, souhaitant la cr\u00e9ation, dans la r\u00e9gion arabe, d\u2019organisations semblables dans tous les domaines.<br \/>Lors de cette r\u00e9union pr\u00e9sid\u00e9e par le royaume hach\u00e9mite de Jordanie, M. Boumzar a rappel\u00e9 que \u00abl\u2019Alg\u00e9rie, tout en \u00e9tant d\u00e9termin\u00e9e \u00e0 d\u00e9velopper son activit\u00e9 spatiale nationale dans le domaine des t\u00e9l\u00e9communications, affirme qu\u2019elle poursuivra son appui \u00e0 ARABSAT\u00bb.<br \/>Le ministre a annonc\u00e9 \u00abofficiellement la passation de la pr\u00e9sidence au royaume hach\u00e9mite de Jordanie repr\u00e9sent\u00e9 par le chef du gouvernement jordanien, Omar Rezzaz\u00bb.<br \/>A l\u2019ouverture de cette session, M. Boumzar a transmis au Roi Abdallah II de Jordanie, les salutations du Pr\u00e9sident de la R\u00e9publique, Abdelmadjid Tebboune, qui lui souhaite tout le succ\u00e8s et la r\u00e9ussite au service de l&rsquo;int\u00e9r\u00eat du peuple jordanien fr\u00e8re.<\/p>\n<p>Auteur: elmoudjahid<br \/>\n<a href=\"http:\/\/www.elmoudjahid.com\/fr\/actualites\/151659\">Cliquez ici pour lire l&rsquo;article depuis sa source.<\/a><\/p>\n","protected":false},"excerpt":{"rendered":"<p>Le ministre de la Poste et des T\u00e9l\u00e9communications, Brahim Boumzar, a mis en avant jeudi la d\u00e9termination de l\u2019Alg\u00e9rie \u00e0 d\u00e9velopper son activit\u00e9 spatiale nationale dans le domaine des t\u00e9l\u00e9communications, selon un communiqu\u00e9 du minist\u00e8re.S&rsquo;exprimant lors de la s\u00e9ance d\u2019ouverture de la 43e session de l\u2019Assembl\u00e9e g\u00e9n\u00e9rale d\u2019ARABSAT, tenue en visioconf\u00e9rence en raison de la [&hellip;]<\/p>\n","protected":false},"author":1744,"featured_media":0,"comment_status":"closed","ping_status":"closed","sticky":false,"template":"","format":"standard","meta":{"fifu_image_url":"","fifu_image_alt":"","footnotes":""},"categories":[73,53],"tags":[],"class_list":["post-82684","post","type-post","status-publish","format-standard","hentry","category-actualite","category-algerie"],"_links":{"self":[{"href":"https:\/\/linitiative.ca\/International\/wp-json\/wp\/v2\/posts\/82684","targetHints":{"allow":["GET"]}}],"collection":[{"href":"https:\/\/linitiative.ca\/International\/wp-json\/wp\/v2\/posts"}],"about":[{"href":"https:\/\/linitiative.ca\/International\/wp-json\/wp\/v2\/types\/post"}],"author":[{"embeddable":true,"href":"https:\/\/linitiative.ca\/International\/wp-json\/wp\/v2\/users\/1744"}],"replies":[{"embeddable":true,"href":"https:\/\/linitiative.ca\/International\/wp-json\/wp\/v2\/comments?post=82684"}],"version-history":[{"count":0,"href":"https:\/\/linitiative.ca\/International\/wp-json\/wp\/v2\/posts\/82684\/revisions"}],"wp:attachment":[{"href":"https:\/\/linitiative.ca\/International\/wp-json\/wp\/v2\/media?parent=82684"}],"wp:term":[{"taxonomy":"category","embeddable":true,"href":"https:\/\/linitiative.ca\/International\/wp-json\/wp\/v2\/categories?post=82684"},{"taxonomy":"post_tag","embeddable":true,"href":"https:\/\/linitiative.ca\/International\/wp-json\/wp\/v2\/tags?post=82684"}],"curies":[{"name":"wp","href":"https:\/\/api.w.org\/{rel}","templated":true}]}}