{"id":82685,"date":"2020-04-17T15:16:33","date_gmt":"2020-04-17T19:16:33","guid":{"rendered":"https:\/\/linitiative.ca\/International\/pretendue-mouture-du-projet-damendement-de-la-constitution-un-suspect-arrete\/"},"modified":"2020-04-17T15:16:33","modified_gmt":"2020-04-17T19:16:33","slug":"pretendue-mouture-du-projet-damendement-de-la-constitution-un-suspect-arrete","status":"publish","type":"post","link":"https:\/\/linitiative.ca\/International\/pretendue-mouture-du-projet-damendement-de-la-constitution-un-suspect-arrete\/","title":{"rendered":"Pr\u00e9tendue mouture du projet d\u2019amendement de la Constitution : Un suspect arr\u00eat\u00e9"},"content":{"rendered":"<div class=\"TxArtcile\" readability=\"17\">\n<p>Les services de la S\u00fbret\u00e9 nationale ont arr\u00eat\u00e9 un individu originaire de la wilaya de Chlef, suspect\u00e9 d\u2019avoir publi\u00e9 une pr\u00e9tendue mouture du projet d&rsquo;amendement de la Constitution sur les r\u00e9seaux sociaux, a indiqu\u00e9 mercredi le minist\u00e8re de l&rsquo;Int\u00e9rieur, des Collectivit\u00e9s locales et de l&rsquo;Am\u00e9nagement du Territoire dans un communiqu\u00e9.<br \/>Les services de la S\u00fbret\u00e9 nationale ont \u00e9galement arr\u00eat\u00e9 un autre individu originaire de la wilaya de Tiaret, suspect\u00e9 d\u2019avoir publi\u00e9 sur les m\u00eames r\u00e9seaux sociaux une fausse correspondance minist\u00e9rielle portant une signature falsifi\u00e9e du ministre de l&rsquo;Int\u00e9rieur, des Collectivit\u00e9s locales et de l&rsquo;Am\u00e9nagement du Territoire, concernant ce qu\u2019il a appel\u00e9 \u00abprime de contagion et prime de risque au profit des \u00e9l\u00e9ments de la Protection civile\u00bb.<br \/>Les deux suspects arr\u00eat\u00e9s seront d\u00e9f\u00e9r\u00e9s au parquet comp\u00e9tent, a pr\u00e9cis\u00e9 la m\u00eame source.<br \/>Le minist\u00e8re de l&rsquo;Int\u00e9rieur a en outre affirm\u00e9 que \u00abla diffusion de rumeurs et de fake news pour semer la confusion et troubler l&rsquo;ordre public est passible de sanctions fermes conform\u00e9ment aux m\u00e9canismes pr\u00e9vus par la loi\u00bb.<\/p>\n<\/div>\n<div class=\"ModliArtilUne\">\n<ul>\n<li><strong>Publi\u00e9 dans :<\/strong><\/li>\n<\/ul>\n<\/div>\n<div class=\"MbComIns\" id=\"newcom\" readability=\"5.69402985075\">\n<h6>DONNEZ VOTRE AVIS<\/h6>\n<p>Il n&rsquo;y a actuellement aucune r\u00e9action \u00e0 cette information. Soyez le premier \u00e0 r\u00e9agir !<\/p>\n<p><a href=\"\" rel=\"#popup\" class=\"login resetbutton\">Identifiez-vous<\/a><a class=\"button\" href=\"http:\/\/www.elmoudjahid.com\/fr\/inscription\/\"><span>S&rsquo;inscrire<\/span><\/a><\/p>\n<\/div>\n<p>Auteur: elmoudjahid<br \/>\n<a href=\"http:\/\/www.elmoudjahid.com\/fr\/actualites\/151660\">Cliquez ici pour lire l&rsquo;article depuis sa source.<\/a><\/p>\n","protected":false},"excerpt":{"rendered":"<p>Les services de la S\u00fbret\u00e9 nationale ont arr\u00eat\u00e9 un individu originaire de la wilaya de Chlef, suspect\u00e9 d\u2019avoir publi\u00e9 une pr\u00e9tendue mouture du projet d&rsquo;amendement de la Constitution sur les r\u00e9seaux sociaux, a indiqu\u00e9 mercredi le minist\u00e8re de l&rsquo;Int\u00e9rieur, des Collectivit\u00e9s locales et de l&rsquo;Am\u00e9nagement du Territoire dans un communiqu\u00e9.Les services de la S\u00fbret\u00e9 nationale [&hellip;]<\/p>\n","protected":false},"author":1744,"featured_media":0,"comment_status":"closed","ping_status":"closed","sticky":false,"template":"","format":"standard","meta":{"fifu_image_url":"","fifu_image_alt":"","footnotes":""},"categories":[73,53],"tags":[],"class_list":["post-82685","post","type-post","status-publish","format-standard","hentry","category-actualite","category-algerie"],"_links":{"self":[{"href":"https:\/\/linitiative.ca\/International\/wp-json\/wp\/v2\/posts\/82685","targetHints":{"allow":["GET"]}}],"collection":[{"href":"https:\/\/linitiative.ca\/International\/wp-json\/wp\/v2\/posts"}],"about":[{"href":"https:\/\/linitiative.ca\/International\/wp-json\/wp\/v2\/types\/post"}],"author":[{"embeddable":true,"href":"https:\/\/linitiative.ca\/International\/wp-json\/wp\/v2\/users\/1744"}],"replies":[{"embeddable":true,"href":"https:\/\/linitiative.ca\/International\/wp-json\/wp\/v2\/comments?post=82685"}],"version-history":[{"count":0,"href":"https:\/\/linitiative.ca\/International\/wp-json\/wp\/v2\/posts\/82685\/revisions"}],"wp:attachment":[{"href":"https:\/\/linitiative.ca\/International\/wp-json\/wp\/v2\/media?parent=82685"}],"wp:term":[{"taxonomy":"category","embeddable":true,"href":"https:\/\/linitiative.ca\/International\/wp-json\/wp\/v2\/categories?post=82685"},{"taxonomy":"post_tag","embeddable":true,"href":"https:\/\/linitiative.ca\/International\/wp-json\/wp\/v2\/tags?post=82685"}],"curies":[{"name":"wp","href":"https:\/\/api.w.org\/{rel}","templated":true}]}}