{"id":82689,"date":"2020-04-17T07:08:40","date_gmt":"2020-04-17T11:08:40","guid":{"rendered":"https:\/\/linitiative.ca\/International\/104125-faf-covid19-l-academie-de-khemis-miliana-accueille-des-malades-en-phase-finale-de-remission\/"},"modified":"2020-04-17T07:08:40","modified_gmt":"2020-04-17T11:08:40","slug":"104125-faf-covid19-l-academie-de-khemis-miliana-accueille-des-malades-en-phase-finale-de-remission","status":"publish","type":"post","link":"https:\/\/linitiative.ca\/International\/104125-faf-covid19-l-academie-de-khemis-miliana-accueille-des-malades-en-phase-finale-de-remission\/","title":{"rendered":"Covid19: l&rsquo;Acad\u00e9mie de Khemis Miliana accueille des malades en phase de r\u00e9mission"},"content":{"rendered":"<p><span class=\"sp-nh-title\">Le mouvement El Bina exhorte la communaut\u00e9 internationale \u00e0 assumer sa responsabilit\u00e9 envers les d\u00e9tenus palestiniens<\/span> &#8211; <span class=\"sp-nh-date\">vendredi 17 avril 2020 17:49<\/span><\/p>\n<p><span class=\"sp-nh-title\">Covid19: 150 nouveaux cas confirm\u00e9s et 16 nouveaux d\u00e9c\u00e8s entre le 8 et 16 avril en Alg\u00e9rie<\/span> &#8211; <span class=\"sp-nh-date\">vendredi 17 avril 2020 16:36<\/span><\/p>\n<p><span class=\"sp-nh-title\">Afrique\/Coronavirus : le bilan de la pand\u00e9mie s&rsquo;\u00e9l\u00e8ve \u00e0 962 d\u00e9c\u00e8s \u00a0<\/span> &#8211; <span class=\"sp-nh-date\">vendredi 17 avril 2020 16:28<\/span><\/p>\n<p><span class=\"sp-nh-title\">Covid-19: la crise de trop pour le Moyen-Orient<\/span> &#8211; <span class=\"sp-nh-date\">vendredi 17 avril 2020 14:23<\/span><\/p>\n<p><span class=\"sp-nh-title\">SIDA: les malades recevront leurs m\u00e9dicaments par ambulances ou via des applications de VTC<\/span> &#8211; <span class=\"sp-nh-date\">vendredi 17 avril 2020 14:07<\/span><\/p>\n<p><span class=\"sp-nh-title\">Covid19-Universit\u00e9 de Blida: l&rsquo;enseignement \u00e0 distance se d\u00e9roule \u00e0 un bon rythme<\/span> &#8211; <span class=\"sp-nh-date\">vendredi 17 avril 2020 14:05<\/span><\/p>\n<p><span class=\"sp-nh-title\">Foot-Coronavirus: plus de 161 millions de DA r\u00e9colt\u00e9s par la FAF<\/span> &#8211; <span class=\"sp-nh-date\">vendredi 17 avril 2020 14:04<\/span><\/p>\n<p><span class=\"sp-nh-title\">FAF-Covid19: Une \u00e9ventuelle reprise du championnat se fera \u00e0 huis clos<\/span> &#8211; <span class=\"sp-nh-date\">vendredi 17 avril 2020 13:50<\/span><\/p>\n<p><span class=\"sp-nh-title\">S\u00e9tif: Gu\u00e9ri du coronavirus, Djamel Djaballah raconte son calvaire avec la pand\u00e9mie<\/span> &#8211; <span class=\"sp-nh-date\">vendredi 17 avril 2020 13:40<\/span><\/p>\n<p><span class=\"sp-nh-title\">Une conf\u00e9rence internationale sur r\u00f4le de la Soci\u00e9t\u00e9 civile dans la lutte contre la Corruption prochainement en Alg\u00e9rie<\/span> &#8211; <span class=\"sp-nh-date\">vendredi 17 avril 2020 13:39<\/span><\/p>\n<p><span class=\"sp-nh-title\">Pluies orageuses sur plusieurs wilayas de l&rsquo;Est et du Centre \u00e0 partir de vendredi<\/span> &#8211; <span class=\"sp-nh-date\">vendredi 17 avril 2020 13:31<\/span><\/p>\n<p><span class=\"sp-nh-title\">Covid19: mobilisation pour r\u00e9pondre \u00e0 l&rsquo;envol de la demande en \u00e9quipements m\u00e9dicaux<\/span> &#8211; <span class=\"sp-nh-date\">vendredi 17 avril 2020 12:16<\/span><\/p>\n<p><span class=\"sp-nh-title\">Covid19: l&rsquo;Acad\u00e9mie de Khemis Miliana accueille des malades en phase de r\u00e9mission<\/span> &#8211; <span class=\"sp-nh-date\">vendredi 17 avril 2020 12:08<\/span><\/p>\n<p><span class=\"sp-nh-title\">Covid-19: r\u00e9ception de la 3e commande de mat\u00e9riel de protection en provenance de Chine<\/span> &#8211; <span class=\"sp-nh-date\">vendredi 17 avril 2020 11:53<\/span><\/p>\n<p><span class=\"sp-nh-title\">El Tarf: placement de 41 marins de retour de mission en confinement sanitaire<\/span> &#8211; <span class=\"sp-nh-date\">vendredi 17 avril 2020 11:51<\/span><\/p>\n<p><span class=\"sp-nh-title\">Covid-19: instruction pour engager une op\u00e9ration de rapatriement des ressortissants alg\u00e9riens<\/span> &#8211; <span class=\"sp-nh-date\">vendredi 17 avril 2020 10:27<\/span><\/p>\n<p><span class=\"sp-nh-title\">Le minist\u00e8re de la Culture lance un nouveau magazine culturel<\/span> &#8211; <span class=\"sp-nh-date\">vendredi 17 avril 2020 08:57<\/span><\/p>\n<p><span class=\"sp-nh-title\">Participation alg\u00e9rienne au festival canadien Vues d&rsquo;Afrique<\/span> &#8211; <span class=\"sp-nh-date\">vendredi 17 avril 2020 08:11<\/span><\/p>\n<p><span class=\"sp-nh-title\">Journ\u00e9e du Savoir : lancement du concours petit lecteur<\/span> &#8211; <span class=\"sp-nh-date\">jeudi 16 avril 2020 20:08<\/span><\/p>\n<p><span class=\"sp-nh-title\">Covid-19: l&rsquo;Ambassade d&rsquo;Alg\u00e9rie au Caire appelle les Alg\u00e9riens bloqu\u00e9s en Egypte \u00e0 s&rsquo;inscrire au plus vite pour leur rapatriement<\/span> &#8211; <span class=\"sp-nh-date\">jeudi 16 avril 2020 20:04<\/span><\/p>\n<p>Auteur:<br \/>\n<a href=\"http:\/\/www.aps.dz\/sport\/104125-faf-covid19-l-academie-de-khemis-miliana-accueille-des-malades-en-phase-finale-de-remission?utm_source=feedburner&#038;utm_medium=feed&#038;utm_campaign=Feed%3A+aps-sport+%28APS+-+SPORT%29\">Cliquez ici pour lire l&rsquo;article depuis sa source.<\/a><\/p>\n","protected":false},"excerpt":{"rendered":"<p>Le mouvement El Bina exhorte la communaut\u00e9 internationale \u00e0 assumer sa responsabilit\u00e9 envers les d\u00e9tenus palestiniens &#8211; vendredi 17 avril 2020 17:49 Covid19: 150 nouveaux cas confirm\u00e9s et 16 nouveaux d\u00e9c\u00e8s entre le 8 et 16 avril en Alg\u00e9rie &#8211; vendredi 17 avril 2020 16:36 Afrique\/Coronavirus : le bilan de la pand\u00e9mie s&rsquo;\u00e9l\u00e8ve \u00e0 962 [&hellip;]<\/p>\n","protected":false},"author":1790,"featured_media":0,"comment_status":"closed","ping_status":"closed","sticky":false,"template":"","format":"standard","meta":{"fifu_image_url":"","fifu_image_alt":"","footnotes":""},"categories":[53,75],"tags":[],"class_list":["post-82689","post","type-post","status-publish","format-standard","hentry","category-algerie","category-sport"],"_links":{"self":[{"href":"https:\/\/linitiative.ca\/International\/wp-json\/wp\/v2\/posts\/82689","targetHints":{"allow":["GET"]}}],"collection":[{"href":"https:\/\/linitiative.ca\/International\/wp-json\/wp\/v2\/posts"}],"about":[{"href":"https:\/\/linitiative.ca\/International\/wp-json\/wp\/v2\/types\/post"}],"author":[{"embeddable":true,"href":"https:\/\/linitiative.ca\/International\/wp-json\/wp\/v2\/users\/1790"}],"replies":[{"embeddable":true,"href":"https:\/\/linitiative.ca\/International\/wp-json\/wp\/v2\/comments?post=82689"}],"version-history":[{"count":0,"href":"https:\/\/linitiative.ca\/International\/wp-json\/wp\/v2\/posts\/82689\/revisions"}],"wp:attachment":[{"href":"https:\/\/linitiative.ca\/International\/wp-json\/wp\/v2\/media?parent=82689"}],"wp:term":[{"taxonomy":"category","embeddable":true,"href":"https:\/\/linitiative.ca\/International\/wp-json\/wp\/v2\/categories?post=82689"},{"taxonomy":"post_tag","embeddable":true,"href":"https:\/\/linitiative.ca\/International\/wp-json\/wp\/v2\/tags?post=82689"}],"curies":[{"name":"wp","href":"https:\/\/api.w.org\/{rel}","templated":true}]}}