{"id":82690,"date":"2020-04-17T08:50:56","date_gmt":"2020-04-17T12:50:56","guid":{"rendered":"https:\/\/linitiative.ca\/International\/104130-faf-covid19-une-eventuelle-reprise-du-championnat-se-fera-a-huis-clos\/"},"modified":"2020-04-17T08:50:56","modified_gmt":"2020-04-17T12:50:56","slug":"104130-faf-covid19-une-eventuelle-reprise-du-championnat-se-fera-a-huis-clos","status":"publish","type":"post","link":"https:\/\/linitiative.ca\/International\/104130-faf-covid19-une-eventuelle-reprise-du-championnat-se-fera-a-huis-clos\/","title":{"rendered":"FAF-Covid19: \u00ab\u00a0Une \u00e9ventuelle reprise du championnat se fera \u00e0 huis clos\u00a0\u00bb"},"content":{"rendered":"<div readability=\"38\">\n<p><strong>ALGER &#8211; Une \u00e9ventuelle reprise des diff\u00e9rents championnats, suspendus depuis le 16 mars en raison de l&rsquo;\u00e9pid\u00e9mie du nouveau coronavirus (Covid-19), se fera \u00ab\u00a0logiquement \u00e0 huis clos\u00a0\u00bb, a d\u00e9clar\u00e9 vendredi le responsable de communication de la F\u00e9d\u00e9ration alg\u00e9rienne de football (FAF) Salah-Bey Aboud.<\/strong><\/p>\n<\/div>\n<div readability=\"66.556712963\">\n<p>\u00ab\u00a0Logiquement, la reprise du championnat, dont ses diff\u00e9rents paliers, se fera \u00e0 huis clos, et cela pour des raisons purement sanitaires. L&rsquo;objectif est de pr\u00e9server la sant\u00e9 des joueurs et d&rsquo;autrui\u00a0\u00bb, a-t-il indiqu\u00e9 sur les ondes de la radio nationale.<\/p>\n<p>En raison de la situation sanitaire actuelle, le Minist\u00e8re de la jeunesse et des sports (MJS) a pris la d\u00e9cision de suspendre toutes les manifestations sportives, toutes disciplines confondues, et de fermer toutes les infrastructures sportives, de jeunesse et de loisirs, jusqu&rsquo;au 19 avril.<\/p>\n<p>Selon un dernier bilan \u00e9tabli jeudi par le Comit\u00e9 scientifique de suivi de l&rsquo;\u00e9volution de la pand\u00e9mie du coronavirus, 108 nouveaux cas confirm\u00e9s du Covid-19 et 12 nouveaux d\u00e9c\u00e8s ont \u00e9t\u00e9 enregistr\u00e9s durant ces derni\u00e8res 24 heures en Alg\u00e9rie, portant ainsi le nombre de cas confirm\u00e9s \u00e0 2.268 et celui des d\u00e9c\u00e8s \u00e0 348.<\/p>\n<hr\/>\n<h3>Lire aussi:\u00a0<a href=\"http:\/\/www.aps.dz\/sport\/104091-foot-covid19-les-contrats-des-joueurs-demeurent-valables-jusqu-a-la-fin-de-la-saison\" target=\"_blank\" rel=\"noopener noreferrer\">FAF-Covid19: les contrats des joueurs demeurent valables jusqu&rsquo;\u00e0 la fin de la saison<\/a><\/h3>\n<hr\/>\n<blockquote readability=\"7\">\n<p><em><strong>\u00ab\u00a0Tout le monde est d&rsquo;accord sur ce point de jouer sans public. Une mesure qui sera \u00e9galement appliqu\u00e9e dans les autres championnats \u00e0 travers le monde\u00a0\u00bb, a-t-il ajout\u00e9.<\/strong><\/em><\/p>\n<\/blockquote>\n<p>Avant d&rsquo;encha\u00eener : \u00ab\u00a0Nous n&rsquo;allons pas nous contenter d&rsquo;instaurer le huis clos, mais nous allons prendre plusieurs d\u00e9cisions pour diminuer au maximum la pr\u00e9sence de personnes au niveau du stade\u00a0\u00bb.<\/p>\n<p>Avant la suspension du championnat, le CRB occupait la t\u00eate du classement de la Ligue 1 avec 40 points devan\u00e7ant de trois longueurs ses deux poursuivants directs l\u2019ES S\u00e9tif et le MC Alger, qui comptent 37 points chacun. Le Chabab et le MCA ont un match en moins. En Ligue 2, l&rsquo;Olympique M\u00e9d\u00e9a est leader avec 42 unit\u00e9s, \u00e0 deux longueurs de son dauphin la JSM Skikda.<\/p>\n<\/div>\n<p>Auteur:<br \/>\n<a href=\"http:\/\/www.aps.dz\/sport\/104130-faf-covid19-une-eventuelle-reprise-du-championnat-se-fera-a-huis-clos?utm_source=feedburner&#038;utm_medium=feed&#038;utm_campaign=Feed%3A+aps-sport+%28APS+-+SPORT%29\">Cliquez ici pour lire l&rsquo;article depuis sa source.<\/a><\/p>\n","protected":false},"excerpt":{"rendered":"<p>ALGER &#8211; Une \u00e9ventuelle reprise des diff\u00e9rents championnats, suspendus depuis le 16 mars en raison de l&rsquo;\u00e9pid\u00e9mie du nouveau coronavirus (Covid-19), se fera \u00ab\u00a0logiquement \u00e0 huis clos\u00a0\u00bb, a d\u00e9clar\u00e9 vendredi le responsable de communication de la F\u00e9d\u00e9ration alg\u00e9rienne de football (FAF) Salah-Bey Aboud. \u00ab\u00a0Logiquement, la reprise du championnat, dont ses diff\u00e9rents paliers, se fera \u00e0 [&hellip;]<\/p>\n","protected":false},"author":1790,"featured_media":0,"comment_status":"closed","ping_status":"closed","sticky":false,"template":"","format":"standard","meta":{"fifu_image_url":"","fifu_image_alt":"","footnotes":""},"categories":[53,75],"tags":[],"class_list":["post-82690","post","type-post","status-publish","format-standard","hentry","category-algerie","category-sport"],"_links":{"self":[{"href":"https:\/\/linitiative.ca\/International\/wp-json\/wp\/v2\/posts\/82690","targetHints":{"allow":["GET"]}}],"collection":[{"href":"https:\/\/linitiative.ca\/International\/wp-json\/wp\/v2\/posts"}],"about":[{"href":"https:\/\/linitiative.ca\/International\/wp-json\/wp\/v2\/types\/post"}],"author":[{"embeddable":true,"href":"https:\/\/linitiative.ca\/International\/wp-json\/wp\/v2\/users\/1790"}],"replies":[{"embeddable":true,"href":"https:\/\/linitiative.ca\/International\/wp-json\/wp\/v2\/comments?post=82690"}],"version-history":[{"count":0,"href":"https:\/\/linitiative.ca\/International\/wp-json\/wp\/v2\/posts\/82690\/revisions"}],"wp:attachment":[{"href":"https:\/\/linitiative.ca\/International\/wp-json\/wp\/v2\/media?parent=82690"}],"wp:term":[{"taxonomy":"category","embeddable":true,"href":"https:\/\/linitiative.ca\/International\/wp-json\/wp\/v2\/categories?post=82690"},{"taxonomy":"post_tag","embeddable":true,"href":"https:\/\/linitiative.ca\/International\/wp-json\/wp\/v2\/tags?post=82690"}],"curies":[{"name":"wp","href":"https:\/\/api.w.org\/{rel}","templated":true}]}}