{"id":82693,"date":"2020-04-17T11:39:00","date_gmt":"2020-04-17T15:39:00","guid":{"rendered":"https:\/\/linitiative.ca\/International\/securite-exterieure-le-general-major-bouzit-installe-dans-ses-fonctions\/"},"modified":"2020-04-17T11:39:00","modified_gmt":"2020-04-17T15:39:00","slug":"securite-exterieure-le-general-major-bouzit-installe-dans-ses-fonctions","status":"publish","type":"post","link":"https:\/\/linitiative.ca\/International\/securite-exterieure-le-general-major-bouzit-installe-dans-ses-fonctions\/","title":{"rendered":"SECURITE EXTERIEURE : Le g\u00e9n\u00e9ral-major Bouzit install\u00e9 dans ses fonctions"},"content":{"rendered":"<p><br id=\"sep_para_1\" class=\"sep_para access\"\/><\/p>\n<div id=\"para_1\" class=\"para_36526953 resize\">\n<div class=\"texte access firstletter\">Le g\u00e9n\u00e9ral-major Sa\u00efd Chengriha, a proc\u00e9d\u00e9, ce jeudi, \u00e0 l\u2019installation officielle du g\u00e9n\u00e9ral-major Bouzit Mohammed, Directeur G\u00e9n\u00e9ral de la Documentation et de la S\u00e9curit\u00e9 Ext\u00e9rieure a indiqu\u00e9 un communiqu\u00e9 du MDN. En effet, \u00ab conform\u00e9ment au D\u00e9cret pr\u00e9sidentiel du 15 avril 2020, le g\u00e9n\u00e9ral-major Chengriha Sa\u00efd, chef d\u2019\u00e9tat-major de l\u2019Arm\u00e9e nationale populaire par int\u00e9rim a proc\u00e9d\u00e9, ce matin 16 avril 2020, \u00e0 l\u2019installation officielle du g\u00e9n\u00e9ral-major Bouzit Mohammed, dans les fonctions de Directeur G\u00e9n\u00e9ral de la Documentation et de la S\u00e9curit\u00e9 Ext\u00e9rieure, en remplacement du Colonel Remili Kamel-Eddine \u00bb, a indiqu\u00e9 le communiqu\u00e9.<\/div>\n<\/div>\n<p>Auteur: Ismain<br \/>\n<a href=\"https:\/\/www.reflexiondz.net\/SECURITE-EXTERIEURE-Le-general-major-Bouzit-installe-dans-ses-fonctions_a62053.html\">Cliquez ici pour lire l&rsquo;article depuis sa source.<\/a><\/p>\n","protected":false},"excerpt":{"rendered":"<p>Le g\u00e9n\u00e9ral-major Sa\u00efd Chengriha, a proc\u00e9d\u00e9, ce jeudi, \u00e0 l\u2019installation officielle du g\u00e9n\u00e9ral-major Bouzit Mohammed, Directeur G\u00e9n\u00e9ral de la Documentation et de la S\u00e9curit\u00e9 Ext\u00e9rieure a indiqu\u00e9 un communiqu\u00e9 du MDN. En effet, \u00ab conform\u00e9ment au D\u00e9cret pr\u00e9sidentiel du 15 avril 2020, le g\u00e9n\u00e9ral-major Chengriha Sa\u00efd, chef d\u2019\u00e9tat-major de l\u2019Arm\u00e9e nationale populaire par int\u00e9rim a [&hellip;]<\/p>\n","protected":false},"author":1740,"featured_media":0,"comment_status":"closed","ping_status":"closed","sticky":false,"template":"","format":"standard","meta":{"fifu_image_url":"","fifu_image_alt":"","footnotes":""},"categories":[53,76],"tags":[],"class_list":["post-82693","post","type-post","status-publish","format-standard","hentry","category-algerie","category-regions"],"_links":{"self":[{"href":"https:\/\/linitiative.ca\/International\/wp-json\/wp\/v2\/posts\/82693","targetHints":{"allow":["GET"]}}],"collection":[{"href":"https:\/\/linitiative.ca\/International\/wp-json\/wp\/v2\/posts"}],"about":[{"href":"https:\/\/linitiative.ca\/International\/wp-json\/wp\/v2\/types\/post"}],"author":[{"embeddable":true,"href":"https:\/\/linitiative.ca\/International\/wp-json\/wp\/v2\/users\/1740"}],"replies":[{"embeddable":true,"href":"https:\/\/linitiative.ca\/International\/wp-json\/wp\/v2\/comments?post=82693"}],"version-history":[{"count":0,"href":"https:\/\/linitiative.ca\/International\/wp-json\/wp\/v2\/posts\/82693\/revisions"}],"wp:attachment":[{"href":"https:\/\/linitiative.ca\/International\/wp-json\/wp\/v2\/media?parent=82693"}],"wp:term":[{"taxonomy":"category","embeddable":true,"href":"https:\/\/linitiative.ca\/International\/wp-json\/wp\/v2\/categories?post=82693"},{"taxonomy":"post_tag","embeddable":true,"href":"https:\/\/linitiative.ca\/International\/wp-json\/wp\/v2\/tags?post=82693"}],"curies":[{"name":"wp","href":"https:\/\/api.w.org\/{rel}","templated":true}]}}