{"id":82694,"date":"2020-04-17T11:40:00","date_gmt":"2020-04-17T15:40:00","guid":{"rendered":"https:\/\/linitiative.ca\/International\/distribution-de-couffins-aux-familles-necessiteuses-a-oran-des-benevoles-au-chevet-des-populations-demunies\/"},"modified":"2020-04-17T11:40:00","modified_gmt":"2020-04-17T15:40:00","slug":"distribution-de-couffins-aux-familles-necessiteuses-a-oran-des-benevoles-au-chevet-des-populations-demunies","status":"publish","type":"post","link":"https:\/\/linitiative.ca\/International\/distribution-de-couffins-aux-familles-necessiteuses-a-oran-des-benevoles-au-chevet-des-populations-demunies\/","title":{"rendered":"DISTRIBUTION DE COUFFINS AUX FAMILLES NECESSITEUSES A ORAN : Des b\u00e9n\u00e9voles au chevet des populations d\u00e9munies"},"content":{"rendered":"<p><br id=\"sep_para_1\" class=\"sep_para access\"\/><\/p>\n<div id=\"para_1\" class=\"para_36526821 resize\">\n<div class=\"texte access firstletter\">Parmi les premiers \u00e0 avoir tir\u00e9 la sonnette d\u2019alarme invoquant les risques de la propagation de la pand\u00e9mie de Coronavirus, les b\u00e9n\u00e9voles des associations caritatives. Ils n\u2019ont pas eu de r\u00e9pit pour autant, puisqu\u2019ils s\u2019\u00e9taient mis au travail de proximit\u00e9 et de sensibilisation sur les dangers du Covid-19,\u00a0 imm\u00e9diatement, avant de lancer de multiples op\u00e9rations de d\u00e9sinfection des lieux publics et quartiers de la ville allant m\u00eame jusqu\u2019\u00e0 distribuer gracieusement des moyens de protection, \u00e0 savoir bavettes, gants et gel hydroalcoolique. Des\u00a0 b\u00e9n\u00e9voles\u00a0 qui, depuis\u00a0 plus de vingt jours,\u00a0 se\u00a0 sont\u00a0 lanc\u00e9s\u00a0 dans\u00a0 des actions de solidarit\u00e9 plus concr\u00e8tes qui ont r\u00e9chauff\u00e9 le c\u0153ur de centaines de personnes et de familles en situation pr\u00e9caire. D\u00e9sint\u00e9ress\u00e9s, ils sont environ une quinzaine d&rsquo;amis qui ont refus\u00e9 de rentrer chez eux en laissant les personnes en d\u00e9tresse livr\u00e9es \u00e0 leur sort en ces temps de confinement et, partant, de leur venir en aide et au moins de subvenir \u00e0 leurs besoins \u00e9l\u00e9mentaires. Ils s&rsquo;appellent\u00a0 Bouhenni , Omar , en compagnie de leur groupe et autres, lesquels font preuve chaque jour d\u2019une mobilisation sans faille dans une v\u00e9ritable course contre la montre entre acquisition de denr\u00e9es, cuisson, pr\u00e9paration des rations et distribution de 350 couffins\u00a0 aux quatre coins de la ville des repas chauds ou froids aux n\u00e9cessiteux. Pour ce faire, ils se sont mis sous l\u2019\u00e9gide d\u2019une association qui a pignon sur rue dans le domaine de l\u2019art et de la culture \u00e0 Oran, qui s\u2019est mise \u00e0 la besogne, conjoncture oblige, pour assister la population isol\u00e9e et vuln\u00e9rable qui subit de plein fouet cette crise sanitaire sans pr\u00e9c\u00e9dent. Leur\u00a0 mission\u00a0 consiste\u00a0 \u00e0\u00a0 collecter\u00a0 des\u00a0 dons\u00a0 sous\u00a0 diff\u00e9rentes\u00a0 formes\u00a0 de bienfaiteurs et pr\u00e9parer quotidiennement des repas (chauds et froids) pour les distribuer aux sans-abri (SDF) et r\u00e9fugi\u00e9s subsahariens \u00e9parpill\u00e9s sur les quatre coins de la wilaya avant 15h. Depuis le d\u00e9but du confinement partiel \u00e0 Oran , ces b\u00e9n\u00e9voles issus de l\u00a0\u00bbUNJA d&rsquo;Oran ont r\u00e9ussi \u00e0 distribuer des centaines de repas aux familles des personnes hospitalis\u00e9es, m\u00e9decins confin\u00e9s \u00e0 l&rsquo;h\u00f4pital Benzerdjeb\u00a0 notamment, sans-abri, agents de l&rsquo;ordre et r\u00e9fugi\u00e9s subsahariens. Ces derniers ont \u00e9galement re\u00e7u\u00a0 des\u00a0 v\u00eatements\u00a0 et\u00a0 des\u00a0 couvertures. Des centaines de couffins soit 350 couffins comprenant des denr\u00e9es alimentaires essentielles ont \u00e9t\u00e9 \u00e9galement distribu\u00e9es sur les familles d\u00e9munies. Aussi, des dizaines de visi\u00e8res\u00a0 ont\u00a0 \u00e9t\u00e9\u00a0 offertes\u00a0 au\u00a0 personnel\u00a0 hospitalier\u00a0\u00a0 \u00e0 Oran par le m\u00eame groupe. Plus que jamais, citoyennet\u00e9 et solidarit\u00e9 prennent tout leur sens \u00e0 travers cette initiative, largement salu\u00e9e par la population Oranaise et sur la toile notamment. Des actions qui ont insuffl\u00e9 d\u2019autres \u00e9lans vou\u00e9s \u00e0 la solidarit\u00e9 \u00e0 travers des quartiers\u00a0 et\u00a0 communes\u00a0 d&rsquo;Oran , \u00e0\u00a0 l\u2019instar\u00a0 de\u00a0 la cit\u00e9 nouvelle\u00a0\u00a0 de Medina Djedida \u00e0\u00a0 El-Hamri o\u00f9,\u00a0 petit\u00a0 \u00e0\u00a0 petit,\u00a0 des\u00a0 groupes\u00a0 de\u00a0 b\u00e9n\u00e9voles\u00a0 oranais et non moins la locomotive de cette initiative.\u00a0\u00a0\u00a0\u00a0\u00a0\u00a0\u00a0\u00a0\u00a0\u00a0\u00a0\u00a0\u00a0\u00a0\u00a0\u00a0\u00a0\u00a0\u00a0\u00a0\u00a0\u00a0\u00a0\u00a0\u00a0\u00a0\u00a0\u00a0\u00a0\u00a0\u00a0\u00a0<\/div>\n<\/div>\n<p>Auteur: Medjadji H.<br \/>\n<a href=\"https:\/\/www.reflexiondz.net\/DISTRIBUTION-DE-COUFFINS-AUX-FAMILLES-NECESSITEUSES-A-ORAN-Des-benevoles-au-chevet-des-populations-demunies_a62039.html\">Cliquez ici pour lire l&rsquo;article depuis sa source.<\/a><\/p>\n","protected":false},"excerpt":{"rendered":"<p>Parmi les premiers \u00e0 avoir tir\u00e9 la sonnette d\u2019alarme invoquant les risques de la propagation de la pand\u00e9mie de Coronavirus, les b\u00e9n\u00e9voles des associations caritatives. Ils n\u2019ont pas eu de r\u00e9pit pour autant, puisqu\u2019ils s\u2019\u00e9taient mis au travail de proximit\u00e9 et de sensibilisation sur les dangers du Covid-19,\u00a0 imm\u00e9diatement, avant de lancer de multiples op\u00e9rations [&hellip;]<\/p>\n","protected":false},"author":1740,"featured_media":0,"comment_status":"closed","ping_status":"closed","sticky":false,"template":"","format":"standard","meta":{"fifu_image_url":"","fifu_image_alt":"","footnotes":""},"categories":[53,76],"tags":[],"class_list":["post-82694","post","type-post","status-publish","format-standard","hentry","category-algerie","category-regions"],"_links":{"self":[{"href":"https:\/\/linitiative.ca\/International\/wp-json\/wp\/v2\/posts\/82694","targetHints":{"allow":["GET"]}}],"collection":[{"href":"https:\/\/linitiative.ca\/International\/wp-json\/wp\/v2\/posts"}],"about":[{"href":"https:\/\/linitiative.ca\/International\/wp-json\/wp\/v2\/types\/post"}],"author":[{"embeddable":true,"href":"https:\/\/linitiative.ca\/International\/wp-json\/wp\/v2\/users\/1740"}],"replies":[{"embeddable":true,"href":"https:\/\/linitiative.ca\/International\/wp-json\/wp\/v2\/comments?post=82694"}],"version-history":[{"count":0,"href":"https:\/\/linitiative.ca\/International\/wp-json\/wp\/v2\/posts\/82694\/revisions"}],"wp:attachment":[{"href":"https:\/\/linitiative.ca\/International\/wp-json\/wp\/v2\/media?parent=82694"}],"wp:term":[{"taxonomy":"category","embeddable":true,"href":"https:\/\/linitiative.ca\/International\/wp-json\/wp\/v2\/categories?post=82694"},{"taxonomy":"post_tag","embeddable":true,"href":"https:\/\/linitiative.ca\/International\/wp-json\/wp\/v2\/tags?post=82694"}],"curies":[{"name":"wp","href":"https:\/\/api.w.org\/{rel}","templated":true}]}}