{"id":82695,"date":"2020-04-17T11:40:00","date_gmt":"2020-04-17T15:40:00","guid":{"rendered":"https:\/\/linitiative.ca\/International\/presse-belhimer-evoque-le-dossier-des-financements-etrangers\/"},"modified":"2020-04-17T11:40:00","modified_gmt":"2020-04-17T15:40:00","slug":"presse-belhimer-evoque-le-dossier-des-financements-etrangers","status":"publish","type":"post","link":"https:\/\/linitiative.ca\/International\/presse-belhimer-evoque-le-dossier-des-financements-etrangers\/","title":{"rendered":"PRESSE : Belhimer \u00e9voque le dossier  des financements \u00e9trangers"},"content":{"rendered":"<p><br id=\"sep_para_1\" class=\"sep_para access\"\/><\/p>\n<div id=\"para_1\" class=\"para_36526961 resize\">\n<div class=\"texte access firstletter\">Le minist\u00e8re de la Communication a indiqu\u00e9 jeudi que tous les dossiers de financements ext\u00e9rieurs au b\u00e9n\u00e9fice de la presse ou de tout autre secteur seront ouverts, ces financements \u00e9tant \u00ab absolument interdits \u00bb par la loi. \u00ab Tous les dossiers de financements ext\u00e9rieurs au b\u00e9n\u00e9fice de la presse ou de tout autre secteur seront ouverts, c\u2019est-\u00e0-dire mis \u00e0 plat par les instances ad hoc de l\u2019Etat. Cet examen et cette exposition en d\u00e9tail seront effectu\u00e9s sous l\u2019angle de ce que ces financements \u00e9trangers rec\u00e8lent comme atteintes caract\u00e9ris\u00e9es \u00e0 la souverainet\u00e9 nationale. Ces financements alimentent, par ailleurs, les r\u00e9sistances aux r\u00e9formes patriotiques souhait\u00e9es \u00bb, a affirm\u00e9 le minist\u00e8re dans un communiqu\u00e9. Le minist\u00e8re de la Communication a rappel\u00e9 que le premier responsable du secteur, Dr. Ammar Belhimer, porte-parole du gouvernement, avait r\u00e9cemment appel\u00e9 tous les acteurs de la presse nationale au \u00ab strict respect de la loi, notamment en ce qui concerne les financements \u00e9trangers \u00bb et avait pr\u00e9cis\u00e9 que \u00ab ces financements ext\u00e9rieurs quelles qu\u2019en soient la nature, l\u2019origine et la provenance sont absolument interdits \u00bb.\u00a0\u00a0\u00a0<\/div>\n<\/div>\n<p>Auteur: Nadine<br \/>\n<a href=\"https:\/\/www.reflexiondz.net\/PRESSE-Belhimer-evoque-le-dossier-des-financements-etrangers_a62055.html\">Cliquez ici pour lire l&rsquo;article depuis sa source.<\/a><\/p>\n","protected":false},"excerpt":{"rendered":"<p>Le minist\u00e8re de la Communication a indiqu\u00e9 jeudi que tous les dossiers de financements ext\u00e9rieurs au b\u00e9n\u00e9fice de la presse ou de tout autre secteur seront ouverts, ces financements \u00e9tant \u00ab absolument interdits \u00bb par la loi. \u00ab Tous les dossiers de financements ext\u00e9rieurs au b\u00e9n\u00e9fice de la presse ou de tout autre secteur seront [&hellip;]<\/p>\n","protected":false},"author":1740,"featured_media":0,"comment_status":"closed","ping_status":"closed","sticky":false,"template":"","format":"standard","meta":{"fifu_image_url":"","fifu_image_alt":"","footnotes":""},"categories":[53,76],"tags":[],"class_list":["post-82695","post","type-post","status-publish","format-standard","hentry","category-algerie","category-regions"],"_links":{"self":[{"href":"https:\/\/linitiative.ca\/International\/wp-json\/wp\/v2\/posts\/82695","targetHints":{"allow":["GET"]}}],"collection":[{"href":"https:\/\/linitiative.ca\/International\/wp-json\/wp\/v2\/posts"}],"about":[{"href":"https:\/\/linitiative.ca\/International\/wp-json\/wp\/v2\/types\/post"}],"author":[{"embeddable":true,"href":"https:\/\/linitiative.ca\/International\/wp-json\/wp\/v2\/users\/1740"}],"replies":[{"embeddable":true,"href":"https:\/\/linitiative.ca\/International\/wp-json\/wp\/v2\/comments?post=82695"}],"version-history":[{"count":0,"href":"https:\/\/linitiative.ca\/International\/wp-json\/wp\/v2\/posts\/82695\/revisions"}],"wp:attachment":[{"href":"https:\/\/linitiative.ca\/International\/wp-json\/wp\/v2\/media?parent=82695"}],"wp:term":[{"taxonomy":"category","embeddable":true,"href":"https:\/\/linitiative.ca\/International\/wp-json\/wp\/v2\/categories?post=82695"},{"taxonomy":"post_tag","embeddable":true,"href":"https:\/\/linitiative.ca\/International\/wp-json\/wp\/v2\/tags?post=82695"}],"curies":[{"name":"wp","href":"https:\/\/api.w.org\/{rel}","templated":true}]}}