{"id":82699,"date":"2020-04-17T09:46:00","date_gmt":"2020-04-17T13:46:00","guid":{"rendered":"https:\/\/linitiative.ca\/International\/confinement-deconfinement-un-faux-debat\/"},"modified":"2020-04-17T09:46:00","modified_gmt":"2020-04-17T13:46:00","slug":"confinement-deconfinement-un-faux-debat","status":"publish","type":"post","link":"https:\/\/linitiative.ca\/International\/confinement-deconfinement-un-faux-debat\/","title":{"rendered":"Confinement \/ D\u00e9confinement :Un faux-d\u00e9bat !"},"content":{"rendered":"<p><span class=\"c3\"><span class=\"c2\"><strong>En filigrane<\/strong><\/span><\/span><\/p>\n<p>Sous la psychose \u00abCoroniene\u00bb, l&rsquo;univers linguistique de \u00ab Ferdinand de Saussure et Cie \u00bb\u00a0 se trouve subitement au c\u0153ur d\u2019une trilogie s\u00e9mantique sans pr\u00e9c\u00e9dant, caract\u00e9ris\u00e9 par:<\/p>\n<p class=\"c5\"><span class=\"c4\"><strong>1-<\/strong><\/span> Une\u00a0 mont\u00e9e en puissance du vocable\u00a0 moyen\u00e2geux\u00a0 \u00abconfinement\u00bb, jadis, signifia\u00a0 l\u2019enfermement d\u2019un prisonnier dans une cellule ou l\u2019internement d\u2019un ali\u00e9n\u00e9 mental dans un\u00a0 asile habituellement \u00e9loign\u00e9 des villes, avant de conna\u00eetre par la suite, des extensions multiples, entre autres,\u00a0 se confiner dans la solitude ou dans le cas d&rsquo;esp\u00e8ce, confiner des personnes\u00a0 contamin\u00e9es ou saines pour \u00e9viter la propagation d\u2019une \u00e9pid\u00e9mie.<br \/><span class=\"c4\"><strong>2-<\/strong><\/span> L\u2019invention lexicale, par n\u00e9ologisme,\u00a0 d\u2019un nouveau terme baptis\u00e9\u00a0 \u00abD\u00e9confinement\u00bb: c&rsquo;est l\u2019antonyme diam\u00e9tral du terme confinement, se propageant aujourd\u2019hui sur toutes les l\u00e8vres \u00e1 la vitesse de la lumi\u00e8re sous forme d\u2019un faisceau de questionnement: De quoi s&rsquo; agit-il au juste? Quels al\u00e9as pr\u00e9sente-il? Est-ce le moment propice de le faire ?<br \/><span class=\"c4\"><strong>3-<\/strong><\/span> Un m\u00e9tissage\u00a0 abusif et confus\u00a0 des terminologies\u00a0 \u00abconfinement\u00bb, \u00abisolement\u00bb \u00abmise en quarantaine\u00bb bien qu\u2019ayant des contenus contrast\u00e9s!<\/p>\n<p><span class=\"c2\"><span class=\"c3\"><strong>En arri\u00e8re plan<\/strong><\/span><\/span><\/p>\n<p>Dans un contexte pand\u00e9mique\u00a0 exceptionnel,\u00a0 beaucoup d&rsquo;entre nous se demandent : O\u00f9 en sommes-nous exactement dans cette cacophonie s\u00e9mantique ?<br \/>La\u00a0 r\u00e9ponse vient tout droit des plus\u00a0 hautes instances de l\u2019Etat qui nous positionne dans un \u00e9tat de \u00abconfinement g\u00e9n\u00e9ral\u00bb ! Est-ce vrai ? Est-ce possible ?<br \/>Mais, pour y parvenir\u00a0 \u00e1 satisfaire les strates basiques de\u00a0 survie et de s\u00e9curit\u00e9 du pyramide de Maslow, les autorit\u00e9s publiques ont lucidement exclu du champ d&rsquo;application de\u00a0 \u00abconfinement g\u00e9n\u00e9ral\u00bb un panel tr\u00e8s large\u00a0 de secteurs d\u2019activit\u00e9 et de fili\u00e8res \u00e9conomiques renfermant l\u2019agroalimentaire, sant\u00e9, \u00e9nergie, s\u00e9curit\u00e9, eau, transports, communications, m\u00e9dias, hygi\u00e8ne et activit\u00e9s industrielles vitales\u2026 au point o\u00f9 on se demande l\u00e9gitimement de quel \u00ab confinement g\u00e9n\u00e9ral\u00bb on parle !?<\/p>\n<p>Par ailleurs, une batterie de mesures sociales ont \u00e9t\u00e9 prises r\u00e9cemment autorisant \u00e0 des milliers de personnes issues de familles d\u00e9munies \u00e1 prendre la queue et \u00e1 se livrer \u00e1 des bousculades interminables made in Covid-19 devant les bureaux de poste\u00a0 ne fasse qu\u2019accentuer la pr\u00e9carit\u00e9\u00a0 du plan de confinement mis en place.<\/p>\n<p>En sus, nos grandes art\u00e8res,\u00a0 nos quartiers et particuli\u00e8rement nos march\u00e9s de l\u00e9gumes, fruits et poissons\u00a0 prennent acte,\u00a0 chaque jour, de la pr\u00e9sence d\u2019un afflux humain \u00e9chappant au concept de distanciation sociale!<\/p>\n<p>Sur le m\u00eame cap de timon, la plupart des pays m\u00eame les plus cruellement secou\u00e9s par la pand\u00e9mie &#8211; l&rsquo;Espagne et autres Etats &#8211;\u00a0 sont en train de se lib\u00e9rer une fois pour toute, par voie de substitution, du\u00a0 concept\/leurre \u00abconfinement g\u00e9n\u00e9ral\u00bb\u00a0 par les termes \u00ab d\u00e9confinement graduel et progressif\u00bb, que dire alors de notre pays dont les marges de man\u0153uvres de r\u00e9silience\u00a0 de confinement\u00a0 sont presque nulles!<\/p>\n<p>Tant\u00a0 d&rsquo;exemples et d&rsquo;indices r\u00e9v\u00e8lent\u00a0 sans \u00e9quivoque que le concept de \u00abconfinement g\u00e9n\u00e9ral\u00bb n\u2019est qu\u2019une pure fiction, un simple v\u0153u utopique d\u2019o\u00f9 le d\u00e9bat national en cours devra s\u2019affranchir de la dualit\u00e9 sans fin de confinement\/d\u00e9confinement et s&rsquo;orienter davantage sur\u00a0 comment peut-on assurer une transition s\u00e9curis\u00e9e de l\u2019\u00e9tat de \u00ab d\u00e9confinement\u00a0 d\u00e9guis\u00e9 et anarchique \u00bb dont nous vivons \u00e1 pr\u00e9sent vers un\u00a0 \u00ab d\u00e9confinement intelligent \u00bb reposant\u00a0 sur une nouvelle strat\u00e9gie \u00e1 multiple facettes, \u00e0 savoir :<\/p>\n<p class=\"c5\"><span class=\"c4\"><strong>1-<\/strong><\/span> un d\u00e9pistage du Covid-19 massif\u00a0 et al\u00e9atoire,\u00a0<br \/><span class=\"c4\"><strong>2-<\/strong><\/span> un confinement obligatoire des personnes contamin\u00e9es par le virus dans des espaces am\u00e9nag\u00e9s et des zones r\u00e9put\u00e9es clusters ou foyers de la pand\u00e9mie,<br \/><span class=\"c4\"><strong>3-<\/strong><\/span> un port obligatoire des bavettes pour tous,<br \/><span class=\"c4\"><strong>4-<\/strong><\/span> un transport de personnes\u00a0 judicieusement planifi\u00e9,<br \/><span class=\"c4\"><strong>5-<\/strong><\/span> et des compagnes continues de d\u00e9sinfection des lieux publics.<\/p>\n<p>Bref, avec ou sans corona, la vie doit continuer, sinon on va succomber au fond du grand pi\u00e8ge tendu par le virus!<\/p>\n<p class=\"c7\"><strong>Mahjoub Lotfi Belhedi<\/strong><br \/><span class=\"c6\"><em>Conseiller\/chercheur en r\u00e9flexion strat\u00e9gique<br \/>Ex-rapporteur g\u00e9n\u00e9ral et directeur de d\u00e9partement de cybers\u00e9curit\u00e9 du \u00abCentre Tunisien des Etudes de S\u00e9curit\u00e9 Globale\u00bb<\/em><\/span><\/p>\n<p>Auteur:<br \/>\n<a href=\"https:\/\/www.leaders.com.tn\/article\/29706-confinement-deconfinement-un-faux-debat\">Cliquez ici pour lire l&rsquo;article depuis sa source.<\/a><\/p>\n","protected":false},"excerpt":{"rendered":"<p>En filigrane Sous la psychose \u00abCoroniene\u00bb, l&rsquo;univers linguistique de \u00ab Ferdinand de Saussure et Cie \u00bb\u00a0 se trouve subitement au c\u0153ur d\u2019une trilogie s\u00e9mantique sans pr\u00e9c\u00e9dant, caract\u00e9ris\u00e9 par: 1- Une\u00a0 mont\u00e9e en puissance du vocable\u00a0 moyen\u00e2geux\u00a0 \u00abconfinement\u00bb, jadis, signifia\u00a0 l\u2019enfermement d\u2019un prisonnier dans une cellule ou l\u2019internement d\u2019un ali\u00e9n\u00e9 mental dans un\u00a0 asile habituellement \u00e9loign\u00e9 [&hellip;]<\/p>\n","protected":false},"author":1772,"featured_media":0,"comment_status":"closed","ping_status":"closed","sticky":false,"template":"","format":"standard","meta":{"fifu_image_url":"","fifu_image_alt":"","footnotes":""},"categories":[73,55],"tags":[],"class_list":["post-82699","post","type-post","status-publish","format-standard","hentry","category-actualite","category-tunisie"],"_links":{"self":[{"href":"https:\/\/linitiative.ca\/International\/wp-json\/wp\/v2\/posts\/82699","targetHints":{"allow":["GET"]}}],"collection":[{"href":"https:\/\/linitiative.ca\/International\/wp-json\/wp\/v2\/posts"}],"about":[{"href":"https:\/\/linitiative.ca\/International\/wp-json\/wp\/v2\/types\/post"}],"author":[{"embeddable":true,"href":"https:\/\/linitiative.ca\/International\/wp-json\/wp\/v2\/users\/1772"}],"replies":[{"embeddable":true,"href":"https:\/\/linitiative.ca\/International\/wp-json\/wp\/v2\/comments?post=82699"}],"version-history":[{"count":0,"href":"https:\/\/linitiative.ca\/International\/wp-json\/wp\/v2\/posts\/82699\/revisions"}],"wp:attachment":[{"href":"https:\/\/linitiative.ca\/International\/wp-json\/wp\/v2\/media?parent=82699"}],"wp:term":[{"taxonomy":"category","embeddable":true,"href":"https:\/\/linitiative.ca\/International\/wp-json\/wp\/v2\/categories?post=82699"},{"taxonomy":"post_tag","embeddable":true,"href":"https:\/\/linitiative.ca\/International\/wp-json\/wp\/v2\/tags?post=82699"}],"curies":[{"name":"wp","href":"https:\/\/api.w.org\/{rel}","templated":true}]}}