{"id":82700,"date":"2020-04-17T10:04:00","date_gmt":"2020-04-17T14:04:00","guid":{"rendered":"https:\/\/linitiative.ca\/International\/le-gouvernement-tunisien-face-aux-retombees-economiques-et-sociales-de-la-crise-du-coronavirus\/"},"modified":"2020-04-17T10:04:00","modified_gmt":"2020-04-17T14:04:00","slug":"le-gouvernement-tunisien-face-aux-retombees-economiques-et-sociales-de-la-crise-du-coronavirus","status":"publish","type":"post","link":"https:\/\/linitiative.ca\/International\/le-gouvernement-tunisien-face-aux-retombees-economiques-et-sociales-de-la-crise-du-coronavirus\/","title":{"rendered":"Le gouvernement tunisien face aux retomb\u00e9es \u00e9conomiques et sociales de la crise du coronavirus"},"content":{"rendered":"<p>En d\u00e9pit des mises en garde de certains sp\u00e9cialistes prospectivistes sur les risques de survenance d\u2019une pand\u00e9mie meurtri\u00e8re d\u2019envergure internationale, la communaut\u00e9 internationale a \u00e9t\u00e9 dans son ensemble prise au d\u00e9pourvu par le d\u00e9clenchement impromptu de la crise multidimensionnelle du coronavirus et ses effets politiques, \u00e9conomiques et sociaux d\u00e9vastateurs \u00e0 l\u2019\u00e9chelle mondiale notamment dans les grands pays post industriels suppos\u00e9s \u00eatre les mieux outill\u00e9s pour faire face aux pires des \u00e9ventualit\u00e9s.\u00a0<\/p>\n<p>En Tunisie, les risques de d\u00e9rapage incontr\u00f4l\u00e9 de l\u2019\u00e9pid\u00e9mie de coronavirus demeurent \u00e9lev\u00e9s au regard du rythme croissant de infections et de l\u2019extension g\u00e9ographique des contaminations contract\u00e9es localement qui touchent la plupart des gouvernorats ainsi que la mont\u00e9e inqui\u00e9tante des derniers chiffres annonc\u00e9s par le minist\u00e8re de la sant\u00e9. Il convient de rappeler que la Tunisie ne comptait au d\u00e9but du mois de mars qu\u2019un seul cas d\u2019infection import\u00e9 identifi\u00e9 \u00e0 Monastir ce qui fait craindre le pire au vu de l\u2019exp\u00e9rience de l\u2019Italie, de l\u2019Espagne, de la France, de l\u2019Iran et des USA qui, apr\u00e8s avoir atteint cette phase, ont connu, en un court laps de temps, une explosion terrifiante du rythme de contaminations et du nombre de d\u00e9c\u00e8s.\u00a0<\/p>\n<p>En v\u00e9rit\u00e9 les autorit\u00e9s tunisiennes semblent avoir commis les m\u00eames erreurs que les pays europ\u00e9ens et les USA qui avaient minimis\u00e9 au d\u00e9part les dangers du coronavirus ainsi que les risques de sa propagation en dehors de la Chine et de ses environs imm\u00e9diats. A l\u2019exception de l\u2019Allemagne o\u00f9 la situation demeure relativement sous contr\u00f4le, la plupart des pays europ\u00e9ens connaissent une \u00e9volution tragique de la pand\u00e9mie car elles n&rsquo;ont pas pris \u00e0 temps les mesures susceptibles de limiter son extension au niveau local et \u00e0 l\u2019\u00e9chelle r\u00e9gionale en M\u00e9diterran\u00e9e.<\/p>\n<p>D\u2019aucuns n\u2019ont pas manqu\u00e9 de faire le lien entre la progression\u00a0 fulgurante du coronavirus aux USA ainsi qu\u2019en Europe occidentale et la d\u00e9gradation continue de leurs syst\u00e8mes de sant\u00e9\u00a0 soumis depuis des d\u00e9cennies \u00e0 des mesures d&rsquo;aust\u00e9rit\u00e9 drastiques par les pouvoirs publics\u00a0 et\u00a0 l\u2019Union europ\u00e9enne conform\u00e9ment \u00e0 la logique de l&rsquo;\u00e9conomie de march\u00e9.\u00a0 Celle-ci implique la marchandisation de la sant\u00e9 humaine et des services publics de base qui sont ainsi transform\u00e9s en un bien commercial ouvert \u00e0 l\u2019investissement priv\u00e9 local et international. D\u2019o\u00f9 les r\u00e9percussions dramatiques de cette politique en Occident et en M\u00e9diterran\u00e9e qui sont devenus les principaux foyers de propagation du coronavirus.<\/p>\n<p>En fait, ces pays ont vraisemblablement cru pouvoir miser au d\u00e9part sur la strat\u00e9gie de \u00ab l\u2019immunit\u00e9 collective \u00bb avant de se raviser tardivement sous la pression de leur opinion publique outrag\u00e9e par l\u2019explosion du nombre de d\u00e9c\u00e8s de personnes \u00e2g\u00e9es que le personnel soignant d\u00e9bord\u00e9,\u00a0 est contraint de sacrifier en raison du manque de moyens adapt\u00e9s \u00e0 l\u2019ampleur du fl\u00e9au.<\/p>\n<p>A ce propos, la Tunisie a int\u00e9r\u00eat \u00e0 accentuer sa coop\u00e9ration avec\u00a0\u00a0 la Chine, la Russie et\u00a0\u00a0 Cuba, qui se sont distingu\u00e9s par leur efficacit\u00e9 et leur politique solidaire et coordonn\u00e9e\u00a0 dans la gestion de la pand\u00e9mie\u00a0 consid\u00e9r\u00e9e comme \u00e9tant une menace dirig\u00e9e contre l\u2019humanit\u00e9 et n\u00e9cessitant de ce fait une action concert\u00e9e et coordonn\u00e9e \u00e0 l\u2019\u00e9chelle mondiale. Toutefois, cette coordination ne semble pas acquise au vu de l\u2019unilat\u00e9ralisme et de l\u2019approche conflictuelle qui caract\u00e9rise la politique occidentale face \u00e0 ce d\u00e9fi collectif.\u00a0\u00a0<\/p>\n<p>En somme, c\u2019est sur le registre des valeurs \u00e9thiques et morales que sont interpell\u00e9s les dirigeants occidentaux soup\u00e7onn\u00e9es de n\u00e9gliger la vie humaine et de privil\u00e9gier le sauvetage du\u00a0 syst\u00e8me capitaliste et des multinationales d\u00e9j\u00e0\u00a0 fortement \u00e9branl\u00e9s par la crise\u00a0 \u00e9conomique qui s\u2019est accentu\u00e9e avec la propagation du\u00a0\u00a0 coronavirus. D\u00e9sormais les USA se positionnent en t\u00eate des pays affect\u00e9s en nombre de d\u00e9c\u00e8s suivis de pr\u00e8s par l\u2019UE.<br \/>\u00a0A noter que le Pr\u00e9sident Trump, confront\u00e9 \u00e0 de virulentes critiques pour sa gestion jug\u00e9e irresponsable de la crise, a compl\u00e8tement reconsid\u00e9r\u00e9 ses projections optimistes tout en conc\u00e9dant, ainsi que ses homologues occidentaux, que le fl\u00e9au n\u2019est qu\u2019\u00e0 ses d\u00e9buts. Toutefois, il tente, pour des consid\u00e9rations \u00e9lectorales, de faire assumer \u00e0 la Chine et \u00e0 l\u2019OMS la responsabilit\u00e9 de la diffusion \u00e0 grande \u00e9chelle de la pand\u00e9mie en arguant de leur manque de coop\u00e9ration.<\/p>\n<p>En outre,\u00a0 certains pays occidentaux envisagent &#8211; ou ont d\u00e9j\u00e0 entam\u00e9 comme l\u2019Espagne\u00a0 &#8211;\u00a0 la lev\u00e9e progressive des mesures de confinement pour relancer l\u2019activit\u00e9 \u00e9conomique au grand dam de nombreux sp\u00e9cialistes qui redoutent une nouvelle vague de contamination du fait que le fl\u00e9au est loin d\u2019\u00eatre maitris\u00e9.<\/p>\n<p>Quant \u00e0 l\u2019Union europ\u00e9enne, violemment critiqu\u00e9e en Europe, surtout dans les pays europ\u00e9ens les plus sinistr\u00e9s, elle fait face \u00e0 une nouvelle vague d\u2019euroscepticisme mettant en cause son avenir, sa viabilit\u00e9 et son existence. Il lui est notamment reproch\u00e9 d\u2019avoir impos\u00e9 aux pays membres des mesures d\u2019aust\u00e9rit\u00e9 et des coupes budg\u00e9taires qui ont gravement\u00a0 affect\u00e9 les services de sant\u00e9 europ\u00e9ens ainsi que leur capacit\u00e9 \u00e0 faire face \u00e0 cette trag\u00e9die d\u2019\u00e9chelle plan\u00e9taire.\u00a0\u00a0<\/p>\n<p>La Tunisie qui\u00a0 souffre du m\u00eame handicap\u00a0 en relation avec son insertion dans la mondialisation globalisante \u00e0 travers les accords de partenariat d\u00e9s\u00e9quilibr\u00e9s avec l\u2019Union europ\u00e9enne ainsi que les PAS avec le FMI, est encore bien\u00a0 moins outill\u00e9e sur le plan sanitaire\u00a0 pour g\u00e9rer une situation comparable \u00e0 celle des pays europ\u00e9ens les plus\u00a0 affect\u00e9s.\u00a0 D\u2019o\u00f9 l\u2019approche pr\u00e9ventive adopt\u00e9e par le gouvernement qui \u00e9prouve toutefois de grandes difficult\u00e9s \u00e0 faire respecter le confinement ce qui ouvre la voie aux pires des sc\u00e9narios et \u00e0 toutes les \u00e9ventualit\u00e9s.\u00a0\u00a0<\/p>\n<p><span class=\"c3\"><span class=\"c2\"><strong>Politique gouvernementale controvers\u00e9e dans la lutte contre le coronavirus<\/strong><\/span><\/span><\/p>\n<p>N\u00e9anmoins, les d\u00e9cisions prises par le gouvernement tunisien pour faire face\u00a0 aux retomb\u00e9es \u00e9conomiques et sociales de la pand\u00e9mie sont en butte \u00e0 de nombreuses critiques car elles se font essentiellement au d\u00e9triment des fonctionnaires et des classes moyennes alors que les milieux d\u2019affaires tunisiens sont relativement \u00e9pargn\u00e9s en d\u00e9pit de leur contribution jug\u00e9e insuffisante au fonds sp\u00e9cialement cr\u00e9\u00e9 pour financer les failles consid\u00e9rables du syst\u00e8me sanitaire tunisien. En outre, il n\u2019envisage pas de r\u00e9cup\u00e9rer les ressources initialement pr\u00e9vues pour le service de la dette &#8211; qui avoisinent les 8 milliards de dinars \u2013 au profit de la lutte contre le coronavirus.\u00a0\u00a0 A cet effet, des n\u00e9gociations devraient \u00eatre engag\u00e9es avec nos cr\u00e9anciers afin de parvenir \u00e0 une suspension ou \u00e0 un moratoire de l\u2019insoutenable dette bilat\u00e9rale et multilat\u00e9rale de la Tunisie.<\/p>\n<p>A ce propos, il importe de signaler que le G20, le FMI et de la Banque mondiale ont recommand\u00e9 aux cr\u00e9anciers bilat\u00e9raux de suspendre, \u00e0 la demande des pays d\u00e9biteurs pauvres et surendett\u00e9s, le paiement de leur dette afin de faire face \u00e0 leurs besoins pressants de liquidit\u00e9s en relation avec la propagation du virus en Afrique. De m\u00eame, le Pr\u00e9sident Macron a \u00e9voqu\u00e9, dans son dernier discours, la n\u00e9cessit\u00e9 d\u2019annuler l\u2019essentiel de la dette des pays Africains confirmant ainsi que le contexte international est favorable \u00e0 l\u2019initiation d\u2019une requ\u00eate en ce sens aupr\u00e8s des cr\u00e9anciers bilat\u00e9raux et multilat\u00e9raux de la Tunisie.<\/p>\n<p>Mais la Tunisie n\u2019a pas demand\u00e9, selon la BM\u00a0 \u00e0 b\u00e9n\u00e9ficier de ces mesures ce qui confirme les d\u00e9clarations fortement controvers\u00e9es du ministre des finances selon lesquelles le gouvernement continuera \u00e0 assumer le fardeau d\u2019une lourde\u00a0 dette de l\u2019ordre de 80 milliards de dinars largement toxique et insoutenable selon les sp\u00e9cialistes. D\u2019ailleurs, le gouvernement vient de demander officiellement la conclusion d\u2019un nouveau PAS avec le FMI dans la foul\u00e9e du nouveau cr\u00e9dit de plus de 740 millions de dollars qu\u2019il a allou\u00e9 \u00e0 la Tunisie.<\/p>\n<p>Cette politique est loin de faire l\u2019unanimit\u00e9 au regard du bilan, pour le moins n\u00e9gatif, des pr\u00e9c\u00e9dents PAS engag\u00e9s depuis 2013 d\u2019autant plus que l\u2019essentiel des nouveaux cr\u00e9dits est consacr\u00e9 depuis des ann\u00e9es, non \u00e0 l\u2019investissement, mais \u00e0 financer le service de la dette ext\u00e9rieure\u00a0 que la Tunisie n\u2019est plus en mesure de financer par ses propres ressources.<\/p>\n<p>Pourtant, le gouvernement a d\u2019autres alternatives dont la mise en \u0153uvre des clauses de sauvegarde de l\u2019accord de lib\u00e9ralisation des \u00e9changes industriels\u00a0 de 1995 Tunisie UE\u00a0 pr\u00e9voyant\u00a0 le r\u00e9tablissement provisoire des droits de douane en relation avec le d\u00e9ficit consid\u00e9rable de notre balance des paiements. La Tunisie pourrait \u00e9galement engager des n\u00e9gociations pour all\u00e9ger le fardeau de la dette bilat\u00e9rale contract\u00e9e aupr\u00e8s de nos principaux partenaires du G7 notamment\u00a0\u00a0 la France, l\u2019Allemagne et l\u2019Italie.\u00a0<\/p>\n<p>L\u2019objectif de ces mesures serait de permettre au gouvernement tunisien de mobiliser le maximum de ressources propres afin de faire face \u00e0 cette conjoncture particuli\u00e8rement difficile qui risque de se prolonger dans la dur\u00e9e. Toutefois l\u2019endettement excessif de la Tunisie ainsi que le r\u00e9tablissement de nos \u00e9quilibres financiers figurent au nombre des questions d\u2019ordre strat\u00e9gique li\u00e9es aux d\u00e9s\u00e9quilibres structurels qui caract\u00e9risent nos relations avec nos principaux partenaires \u00e9conomiques de la rive Nord de la M\u00e9diterran\u00e9e et en particulier l\u2019UE.<\/p>\n<p>Or ces relations seront forc\u00e9ment tributaires des bouleversements actuels et futurs pr\u00e9visibles cons\u00e9cutifs \u00e0 la crise\u00a0\u00a0 g\u00e9n\u00e9r\u00e9e par la pand\u00e9mie qui constituera sans doute un tournant capital dans l\u2019histoire r\u00e9cente de l\u2019humanit\u00e9. Celle-ci risque en effet d\u2019affecter en profondeur l\u2019architecture des relations internationales ainsi que le mod\u00e8le de soci\u00e9t\u00e9 pr\u00e9dominant associ\u00e9 \u00e0 la globalisation \u00e9conomique\u00a0 tel qu\u2019il\u00a0 a \u00e9t\u00e9 promu jusqu\u2019\u00e0 pr\u00e9sent par les principaux acteurs \u00e9conomiques et politiques qui dominent la sc\u00e8ne politique et les \u00e9changes \u00e9conomiques au niveau mondial.<\/p>\n<p class=\"c4\"><strong>Ahmed Ben Mustapha<\/strong><br \/><em>Chercheur en histoire diplomatique et \u00e9conomique<\/em><\/p>\n<p>\u00a0\u00a0<br \/>\u00a0<\/p>\n<p>Auteur:<br \/>\n<a href=\"https:\/\/www.leaders.com.tn\/article\/29707-le-gouvernement-tunisien-face-aux-retombees-economiques-et-sociales-de-la-crise-du-coronavirus\">Cliquez ici pour lire l&rsquo;article depuis sa source.<\/a><\/p>\n","protected":false},"excerpt":{"rendered":"<p>En d\u00e9pit des mises en garde de certains sp\u00e9cialistes prospectivistes sur les risques de survenance d\u2019une pand\u00e9mie meurtri\u00e8re d\u2019envergure internationale, la communaut\u00e9 internationale a \u00e9t\u00e9 dans son ensemble prise au d\u00e9pourvu par le d\u00e9clenchement impromptu de la crise multidimensionnelle du coronavirus et ses effets politiques, \u00e9conomiques et sociaux d\u00e9vastateurs \u00e0 l\u2019\u00e9chelle mondiale notamment dans les [&hellip;]<\/p>\n","protected":false},"author":1772,"featured_media":0,"comment_status":"closed","ping_status":"closed","sticky":false,"template":"","format":"standard","meta":{"fifu_image_url":"","fifu_image_alt":"","footnotes":""},"categories":[73,55],"tags":[],"class_list":["post-82700","post","type-post","status-publish","format-standard","hentry","category-actualite","category-tunisie"],"_links":{"self":[{"href":"https:\/\/linitiative.ca\/International\/wp-json\/wp\/v2\/posts\/82700","targetHints":{"allow":["GET"]}}],"collection":[{"href":"https:\/\/linitiative.ca\/International\/wp-json\/wp\/v2\/posts"}],"about":[{"href":"https:\/\/linitiative.ca\/International\/wp-json\/wp\/v2\/types\/post"}],"author":[{"embeddable":true,"href":"https:\/\/linitiative.ca\/International\/wp-json\/wp\/v2\/users\/1772"}],"replies":[{"embeddable":true,"href":"https:\/\/linitiative.ca\/International\/wp-json\/wp\/v2\/comments?post=82700"}],"version-history":[{"count":0,"href":"https:\/\/linitiative.ca\/International\/wp-json\/wp\/v2\/posts\/82700\/revisions"}],"wp:attachment":[{"href":"https:\/\/linitiative.ca\/International\/wp-json\/wp\/v2\/media?parent=82700"}],"wp:term":[{"taxonomy":"category","embeddable":true,"href":"https:\/\/linitiative.ca\/International\/wp-json\/wp\/v2\/categories?post=82700"},{"taxonomy":"post_tag","embeddable":true,"href":"https:\/\/linitiative.ca\/International\/wp-json\/wp\/v2\/tags?post=82700"}],"curies":[{"name":"wp","href":"https:\/\/api.w.org\/{rel}","templated":true}]}}