{"id":82701,"date":"2020-04-17T13:29:00","date_gmt":"2020-04-17T17:29:00","guid":{"rendered":"https:\/\/linitiative.ca\/International\/24eme-edition-des-prix-comar-dor-2019-2020\/"},"modified":"2020-04-17T13:29:00","modified_gmt":"2020-04-17T17:29:00","slug":"24eme-edition-des-prix-comar-dor-2019-2020","status":"publish","type":"post","link":"https:\/\/linitiative.ca\/International\/24eme-edition-des-prix-comar-dor-2019-2020\/","title":{"rendered":"24\u00e8me \u00e9dition des prix COMAR D\u2019OR 2019 \u2013 2020"},"content":{"rendered":"<p>Dans ce contexte particulier de crise sanitaire et suite \u00e0 la d\u00e9cision du Gouvernement tunisien relative au confinement g\u00e9n\u00e9ral, nous informons nos chers \u00e9diteurs et romanciers du report du dernier d\u00e9lai de participation \u00e0 la 24\u00e8me \u00e9dition des prix litt\u00e9raires COMAR D\u2019OR (initialement pr\u00e9vu pour le 03 avril 2020). Nous rappelons que les romans pouvant participer \u00e0 cette \u00e9dition doivent \u00eatre \u00e9crits par des auteurs de nationalit\u00e9 tunisienne et publi\u00e9s entre le premier avril 2019 le 31 mars 2020.<\/p>\n<p>Les nouvelles dates relatives au dernier d\u00e9lai de participation et \u00e0 la c\u00e9r\u00e9monie de remise des prix, vous seront communiqu\u00e9s apr\u00e8s la fin de la p\u00e9riode de confinement g\u00e9n\u00e9ral.<\/p>\n<p>Pour vos participations, et en attendant le d\u00e9p\u00f4t de vos romans aupr\u00e8s du d\u00e9partement Marketing au si\u00e8ge de la COMAR apr\u00e8s la lev\u00e9e du confinement g\u00e9n\u00e9ral, pri\u00e8re de communiquer par mail \u00e0 service.marketing@comar.tn les informations relatives aux ouvrages \u00e0 d\u00e9poser : titre, romancier (ayant obligatoirement la nationalit\u00e9 tunisienne), \u00e9diteur et date de publication.<\/p>\n<p>Pour tout besoin ou renseignement, nous vous invitons \u00e0 nous contacter :<\/p>\n<p class=\"c3\"><span class=\"c2\"><strong>\u2022<\/strong><\/span> A l\u2019adresses e-mail : service.marketing@comar.tn,<br \/><span class=\"c2\"><strong>\u2022<\/strong><\/span> Par message priv\u00e9 sur notre page officielle Facebook COMAR Assurances.<\/p>\n<p>D\u2019ici l\u00e0, portez-vous bien.<\/p>\n<p>Pour la promotion du roman tunisien.<br \/>\u00a0<\/p>\n<p>Auteur:<br \/>\n<a href=\"https:\/\/www.leaders.com.tn\/article\/29708-24eme-edition-des-prix-comar-d-or-2019-2020\">Cliquez ici pour lire l&rsquo;article depuis sa source.<\/a><\/p>\n","protected":false},"excerpt":{"rendered":"<p>Dans ce contexte particulier de crise sanitaire et suite \u00e0 la d\u00e9cision du Gouvernement tunisien relative au confinement g\u00e9n\u00e9ral, nous informons nos chers \u00e9diteurs et romanciers du report du dernier d\u00e9lai de participation \u00e0 la 24\u00e8me \u00e9dition des prix litt\u00e9raires COMAR D\u2019OR (initialement pr\u00e9vu pour le 03 avril 2020). Nous rappelons que les romans pouvant [&hellip;]<\/p>\n","protected":false},"author":1772,"featured_media":0,"comment_status":"closed","ping_status":"closed","sticky":false,"template":"","format":"standard","meta":{"fifu_image_url":"","fifu_image_alt":"","footnotes":""},"categories":[73,55],"tags":[],"class_list":["post-82701","post","type-post","status-publish","format-standard","hentry","category-actualite","category-tunisie"],"_links":{"self":[{"href":"https:\/\/linitiative.ca\/International\/wp-json\/wp\/v2\/posts\/82701","targetHints":{"allow":["GET"]}}],"collection":[{"href":"https:\/\/linitiative.ca\/International\/wp-json\/wp\/v2\/posts"}],"about":[{"href":"https:\/\/linitiative.ca\/International\/wp-json\/wp\/v2\/types\/post"}],"author":[{"embeddable":true,"href":"https:\/\/linitiative.ca\/International\/wp-json\/wp\/v2\/users\/1772"}],"replies":[{"embeddable":true,"href":"https:\/\/linitiative.ca\/International\/wp-json\/wp\/v2\/comments?post=82701"}],"version-history":[{"count":0,"href":"https:\/\/linitiative.ca\/International\/wp-json\/wp\/v2\/posts\/82701\/revisions"}],"wp:attachment":[{"href":"https:\/\/linitiative.ca\/International\/wp-json\/wp\/v2\/media?parent=82701"}],"wp:term":[{"taxonomy":"category","embeddable":true,"href":"https:\/\/linitiative.ca\/International\/wp-json\/wp\/v2\/categories?post=82701"},{"taxonomy":"post_tag","embeddable":true,"href":"https:\/\/linitiative.ca\/International\/wp-json\/wp\/v2\/tags?post=82701"}],"curies":[{"name":"wp","href":"https:\/\/api.w.org\/{rel}","templated":true}]}}