{"id":82703,"date":"2020-04-17T14:32:11","date_gmt":"2020-04-17T18:32:11","guid":{"rendered":"https:\/\/linitiative.ca\/International\/industrie-renault-maroc-prepare-le-redemarrage-en-douceur-de-ses-deux-usines-automobiles\/"},"modified":"2020-04-17T14:32:11","modified_gmt":"2020-04-17T18:32:11","slug":"industrie-renault-maroc-prepare-le-redemarrage-en-douceur-de-ses-deux-usines-automobiles","status":"publish","type":"post","link":"https:\/\/linitiative.ca\/International\/industrie-renault-maroc-prepare-le-redemarrage-en-douceur-de-ses-deux-usines-automobiles\/","title":{"rendered":"Industrie : Renault Maroc pr\u00e9pare le red\u00e9marrage en douceur de ses deux usines automobiles"},"content":{"rendered":"<p><strong>Le Groupe Renault Maroc est en train de proc\u00e9der au red\u00e9marrage partiel et progressif de ses deux usines de production de Tanger et de Casablanca. Une organisation souple est mise en place afin d\u2019adapter la production \u00e0 la reprise des march\u00e9s et de satisfaire ses clients dans le Royaume et \u00e0 l\u2019international.<\/strong><\/p>\n<div class=\"c10\"\/>\n<p>Dans le d\u00e9tail, le d\u00e9marrage effectif de chaque site interviendra selon un planning sp\u00e9cifique \u00e0 chacun, et ce, \u00e0 compter de la fin du mois d\u2019avril. Le Groupe qui pr\u00e9cise que la sant\u00e9 et la s\u00e9curit\u00e9 de ses collaborateurs sont une priorit\u00e9. A cet effet, il a d\u00e9ploy\u00e9 sur l\u2019ensemble de ses sites industriels et commerciaux l\u2019application stricte de son r\u00e9f\u00e9rentiel sanitaire et les directives des autorit\u00e9s marocaines. Mis en place dans ses entit\u00e9s \u00e0 travers le monde, ce r\u00e9f\u00e9rentiel permet d\u2019assurer un red\u00e9marrage dans le respect des conditions de s\u00e9curit\u00e9 sanitaire.<\/p>\n<p>Faut-il se souvenir que depuis le 19 mars dernier, les usines de Tanger et de la Somaca ont suspendu leur production en maintenant une activit\u00e9 partielle tandis que Renault Commerce Maroc et son r\u00e9seau commercial ont conserv\u00e9 la continuit\u00e9 du service sur tout le territoire national gr\u00e2ce \u00e0 une adaptation innovante de ses activit\u00e9s. Ce dispositif permet de r\u00e9pondre aux besoins de mobilit\u00e9 prioritaires des professions de sant\u00e9, services publics et entreprises continuant leurs activit\u00e9s.<\/p>\n<p>Lire aussi : <strong><a href=\"https:\/\/www.challenge.ma\/renault-maroc-mise-sur-un-hub-digital-133367\/\">Renault Maroc mise sur un hub digital<\/a><\/strong><\/p>\n<p>Par ailleurs, les ateliers de r\u00e9paration, ateliers mobiles, service de livraison et le centre d\u2019interactions clients de Renault Maroc restent actifs pour assurer un service continu aux utilisateurs. Certaines fonctions du Groupe dont la pr\u00e9sence physique n\u2019est pas indispensable au bon fonctionnement de l\u2019activit\u00e9, ont recours au travail \u00e0 distance. Dans cette situation in\u00e9dite, le Groupe a mis en place une protection \u00e9conomique de ses salari\u00e9s garantissant le maintien de la r\u00e9mun\u00e9ration nette mensuelle de ses 12 000 collaborateurs durant la crise.<\/p>\n<p>Participant \u00e0 l\u2019effort national de lutte contre les effets de la pand\u00e9mie de Covid-19, la filiale marocaine de Renault pr\u00e9cise avoir contribu\u00e9 \u00e0 l\u2019\u00e9lan de solidarit\u00e9 nationale initi\u00e9 par Sa Majest\u00e9 le Roi Mohammed VI en soutenant le secteur m\u00e9dical avec le don de 50 ambulances. D\u2019autres initiatives solidaires ont depuis \u00e9t\u00e9 lanc\u00e9es telles que la mise \u00e0 disposition de v\u00e9hicules au personnel m\u00e9dical sur l\u2019ensemble du territoire, la fabrication de visi\u00e8res de protection, des valves de respirateurs artificiels \u00e0 partir d\u2019imprimantes 3D ou la distribution de repas et de denr\u00e9es alimentaires.<\/p>\n<p>Aussi, le Groupe a fait don de 200 ordinateurs portables, dans ses r\u00e9gions d\u2019implantation, \u00e0 des familles en situation pr\u00e9caire permettant \u00e0 leurs enfants de poursuivre leur scolarit\u00e9. Aujourd\u2019hui, Renault Maroc, en tant qu\u2019acteur majeur du secteur automobile national, souligne \u00eatre conscient des enjeux consistant \u00e0 assurer \u00e0 la fois la s\u00e9curit\u00e9 de tous les collaborateurs et de poursuivre l\u2019activit\u00e9 afin de contribuer \u00e0 la relance \u00e9conomique du pays.<\/p>\n<div class=\"c17\">\n<fieldset class=\"c16\">\n<legend><strong><span class=\"c11\">Challenge<\/span><span class=\"c12\">news<\/span><\/strong><\/legend>\n<div class=\"c15\">Le meilleur de Challenge s\u00e9lectionn\u00e9 par la r\u00e9daction :<\/p>\n<\/div>\n<\/fieldset>\n<\/div>\n<p>Auteur: David J\u00e9r\u00e9mie<br \/>\n<a href=\"https:\/\/www.challenge.ma\/industrie-renault-maroc-prepare-le-redemarrage-en-douceur-de-ses-deux-usines-automobiles-137695\/\">Cliquez ici pour lire l&rsquo;article depuis sa source.<\/a><\/p>\n","protected":false},"excerpt":{"rendered":"<p>Le Groupe Renault Maroc est en train de proc\u00e9der au red\u00e9marrage partiel et progressif de ses deux usines de production de Tanger et de Casablanca. Une organisation souple est mise en place afin d\u2019adapter la production \u00e0 la reprise des march\u00e9s et de satisfaire ses clients dans le Royaume et \u00e0 l\u2019international. Dans le d\u00e9tail, [&hellip;]<\/p>\n","protected":false},"author":1787,"featured_media":0,"comment_status":"closed","ping_status":"closed","sticky":false,"template":"","format":"standard","meta":{"fifu_image_url":"","fifu_image_alt":"","footnotes":""},"categories":[78,54],"tags":[],"class_list":["post-82703","post","type-post","status-publish","format-standard","hentry","category-economie","category-maroc"],"_links":{"self":[{"href":"https:\/\/linitiative.ca\/International\/wp-json\/wp\/v2\/posts\/82703","targetHints":{"allow":["GET"]}}],"collection":[{"href":"https:\/\/linitiative.ca\/International\/wp-json\/wp\/v2\/posts"}],"about":[{"href":"https:\/\/linitiative.ca\/International\/wp-json\/wp\/v2\/types\/post"}],"author":[{"embeddable":true,"href":"https:\/\/linitiative.ca\/International\/wp-json\/wp\/v2\/users\/1787"}],"replies":[{"embeddable":true,"href":"https:\/\/linitiative.ca\/International\/wp-json\/wp\/v2\/comments?post=82703"}],"version-history":[{"count":0,"href":"https:\/\/linitiative.ca\/International\/wp-json\/wp\/v2\/posts\/82703\/revisions"}],"wp:attachment":[{"href":"https:\/\/linitiative.ca\/International\/wp-json\/wp\/v2\/media?parent=82703"}],"wp:term":[{"taxonomy":"category","embeddable":true,"href":"https:\/\/linitiative.ca\/International\/wp-json\/wp\/v2\/categories?post=82703"},{"taxonomy":"post_tag","embeddable":true,"href":"https:\/\/linitiative.ca\/International\/wp-json\/wp\/v2\/tags?post=82703"}],"curies":[{"name":"wp","href":"https:\/\/api.w.org\/{rel}","templated":true}]}}