{"id":82704,"date":"2020-04-17T14:38:27","date_gmt":"2020-04-17T18:38:27","guid":{"rendered":"https:\/\/linitiative.ca\/International\/coronavirus-la-fcs-lance-une-nouvelle-initiative-pour-soutenir-ses-adherents\/"},"modified":"2020-04-17T14:38:27","modified_gmt":"2020-04-17T18:38:27","slug":"coronavirus-la-fcs-lance-une-nouvelle-initiative-pour-soutenir-ses-adherents","status":"publish","type":"post","link":"https:\/\/linitiative.ca\/International\/coronavirus-la-fcs-lance-une-nouvelle-initiative-pour-soutenir-ses-adherents\/","title":{"rendered":"Coronavirus : La FCS lance une nouvelle initiative pour soutenir ses adh\u00e9rents"},"content":{"rendered":"<p><strong>Face aux difficult\u00e9s que rencontrent ses membres \u00e0 cause de la crise sanitaire actuelle, la F\u00e9d\u00e9ration du Commerce et Services (FCS) lance l\u2019initiative \u00ab\u00a0Business solidaire\u00a0\u00bb. Les d\u00e9tails.<\/strong><\/p>\n<div class=\"c10\"\/>\n<p>La <strong>F\u00e9d\u00e9ration du Commerce et Services<\/strong> (FCS) de la CGEM lance une nouvelle initiative pour soutenir ses adh\u00e9rents dans ces temps difficiles. \u00ab\u00a0Business solidaire\u00a0\u00bb, tel est le nom donn\u00e9 \u00e0 cette action qui survient suite \u00e0 un sondage r\u00e9alis\u00e9 aupr\u00e8s des membres de ladite f\u00e9d\u00e9ration pour mesurer l\u2019impact de la crise du <strong>COVID-19<\/strong> sur leur activit\u00e9. \u00a0Selon les initiateurs, elle s\u2019inscrit dans une d\u00e9marche de soutien et de solidarit\u00e9 entre les adh\u00e9rents \u00e0 la f\u00e9d\u00e9ration, et sera g\u00e9r\u00e9e \u00e0 travers une plateforme qui fera office de vitrine, et o\u00f9 chaque entreprise pourra pr\u00e9senter son offre \u00e0 un tarif optimis\u00e9, ou \u00e0 titre gracieux pour les membres souhaitant gagner en visibilit\u00e9.\u00a0<\/p>\n<p>Lire aussi: <a href=\"https:\/\/www.challenge.ma\/oncf-de-bonnes-performances-portees-par-lactivite-voyageurs-a-fin-2019-137692\/?_thumbnail_id=93176\">ONCF : De bonnes performances port\u00e9es par l\u2019activit\u00e9 voyageurs \u00e0 fin 2019<\/a><\/p>\n<p>S\u2019inscrivant dans le cadre d\u2019une approche de coh\u00e9sion inter-entreprises, l\u2019initiative permettra ainsi aux membres de la FCS de b\u00e9n\u00e9ficier de certaines prestations \u00e0 des prix r\u00e9duits, d\u2019une part, et d\u2019avoir une visibilit\u00e9 sur un <strong>chiffre d\u2019affaires<\/strong> \u00e9ventuel afin de pr\u00e9server leur viabilit\u00e9 et leurs emplois, d\u2019autre part, apprend-t-on aupr\u00e8s de la FCS.<\/p>\n<p>\u00ab\u00a0Nous sommes appel\u00e9s \u00e0 faire preuve de responsabilit\u00e9 et de solidarit\u00e9 inter-entreprises afin d\u2019att\u00e9nuer les cons\u00e9quences n\u00e9fastes de la crise du COVID-19. <strong>Business Solidaire<\/strong> vise ainsi \u00e0 promouvoir la survie des petites et moyennes entreprises membres de notre f\u00e9d\u00e9ration, sans oublier l\u2019\u00e9lan de solidarit\u00e9 inter-membres relatif aux d\u00e9lais de paiement\u00a0\u00bb<em>,<\/em> pr\u00e9cise Bouchra Outaghani, Pr\u00e9sidente de la FCS.\u00a0\u00a0<\/p>\n<p>Force est de noter que les r\u00e9sultats pr\u00e9liminaires du sondage men\u00e9 montrent que 92,1% des entreprises participantes consid\u00e8rent que l\u2019impact du COVID-19 est \u00e9lev\u00e9 sur leur activit\u00e9. Plus encore, 64% estiment avoir subi, en 3 semaines, une baisse de chiffre d\u2019affaires variant entre 30 \u00e0 70%, tandis que 24,3% sont en arr\u00eat d\u2019activit\u00e9. A ce jour, 72,6% ont recouru aux mesures d\u2019aide propos\u00e9es par la CNSS, 57,4% se sont orient\u00e9es vers les mesures propos\u00e9es par la DGI.\u00a0<\/p>\n<p>Au sujet de l\u2019apr\u00e8s coronavirus, 45,4% affirment n\u2019avoir aucune visibilit\u00e9 sur le niveau de l\u2019activit\u00e9 en 2021 comparativement \u00e0 2019, tandis que 34,4% estiment que le niveau de l\u2019activit\u00e9 serait inf\u00e9rieur \u00e0 celui enregistr\u00e9 en 2019. 37,5% estiment que la reprise de l\u2019activit\u00e9 normale n\u00e9cessite 6 mois \u00e0 partir de la lev\u00e9e du <strong>confinement<\/strong>, 36,9% pensent que la reprise ne se fera qu\u2019apr\u00e8s un an. Pour rappel, la FCS compte plus de 1960 membres et 62 associations professionnelles.<\/p>\n<div class=\"c17\">\n<fieldset class=\"c16\">\n<legend><strong><span class=\"c11\">Challenge<\/span><span class=\"c12\">news<\/span><\/strong><\/legend>\n<div class=\"c15\">Le meilleur de Challenge s\u00e9lectionn\u00e9 par la r\u00e9daction :<\/p>\n<\/div>\n<\/fieldset>\n<\/div>\n<p>Auteur: challenge<br \/>\n<a href=\"https:\/\/www.challenge.ma\/coronavirus-la-fcs-lance-une-nouvelle-initiative-pour-soutenir-ses-adherents-137697\/\">Cliquez ici pour lire l&rsquo;article depuis sa source.<\/a><\/p>\n","protected":false},"excerpt":{"rendered":"<p>Face aux difficult\u00e9s que rencontrent ses membres \u00e0 cause de la crise sanitaire actuelle, la F\u00e9d\u00e9ration du Commerce et Services (FCS) lance l\u2019initiative \u00ab\u00a0Business solidaire\u00a0\u00bb. Les d\u00e9tails. La F\u00e9d\u00e9ration du Commerce et Services (FCS) de la CGEM lance une nouvelle initiative pour soutenir ses adh\u00e9rents dans ces temps difficiles. \u00ab\u00a0Business solidaire\u00a0\u00bb, tel est le nom [&hellip;]<\/p>\n","protected":false},"author":1787,"featured_media":0,"comment_status":"closed","ping_status":"closed","sticky":false,"template":"","format":"standard","meta":{"fifu_image_url":"","fifu_image_alt":"","footnotes":""},"categories":[78,54],"tags":[],"class_list":["post-82704","post","type-post","status-publish","format-standard","hentry","category-economie","category-maroc"],"_links":{"self":[{"href":"https:\/\/linitiative.ca\/International\/wp-json\/wp\/v2\/posts\/82704","targetHints":{"allow":["GET"]}}],"collection":[{"href":"https:\/\/linitiative.ca\/International\/wp-json\/wp\/v2\/posts"}],"about":[{"href":"https:\/\/linitiative.ca\/International\/wp-json\/wp\/v2\/types\/post"}],"author":[{"embeddable":true,"href":"https:\/\/linitiative.ca\/International\/wp-json\/wp\/v2\/users\/1787"}],"replies":[{"embeddable":true,"href":"https:\/\/linitiative.ca\/International\/wp-json\/wp\/v2\/comments?post=82704"}],"version-history":[{"count":0,"href":"https:\/\/linitiative.ca\/International\/wp-json\/wp\/v2\/posts\/82704\/revisions"}],"wp:attachment":[{"href":"https:\/\/linitiative.ca\/International\/wp-json\/wp\/v2\/media?parent=82704"}],"wp:term":[{"taxonomy":"category","embeddable":true,"href":"https:\/\/linitiative.ca\/International\/wp-json\/wp\/v2\/categories?post=82704"},{"taxonomy":"post_tag","embeddable":true,"href":"https:\/\/linitiative.ca\/International\/wp-json\/wp\/v2\/tags?post=82704"}],"curies":[{"name":"wp","href":"https:\/\/api.w.org\/{rel}","templated":true}]}}