{"id":82705,"date":"2020-04-17T14:47:44","date_gmt":"2020-04-17T18:47:44","guid":{"rendered":"https:\/\/linitiative.ca\/International\/video-tv5-monde-le-maroc-a-fait-fort-dans-la-gestion-du-coronavirus\/"},"modified":"2020-04-17T14:47:44","modified_gmt":"2020-04-17T18:47:44","slug":"video-tv5-monde-le-maroc-a-fait-fort-dans-la-gestion-du-coronavirus","status":"publish","type":"post","link":"https:\/\/linitiative.ca\/International\/video-tv5-monde-le-maroc-a-fait-fort-dans-la-gestion-du-coronavirus\/","title":{"rendered":"Vid\u00e9o. TV5 Monde : Le Maroc a \u00ab\u00a0fait fort\u00a0\u00bb dans la gestion du coronavirus"},"content":{"rendered":"<p><strong>Le Maroc a \u00ab fait fort \u00bb, affirme vendredi TV5Monde au sujet de la gestion de l\u2019\u00e9pid\u00e9mie du coronavirus, dans un reportage consacr\u00e9 \u00e0 la production industrielle dans le Royaume de masques de protection contre le nouveau virus.<\/strong><\/p>\n<div class=\"c10\"\/>\n<p>Depuis le 7 avril dernier, date \u00e0 laquelle le Maroc a rendu obligatoire le port du masque, les autorit\u00e9s ont \u00ab fait fort \u00bb et les masques subventionn\u00e9s par l\u2019Etat sont maintenant disponibles dans presque toutes les pharmacies et les \u00e9piceries du pays et sont propos\u00e9s pour la modique somme de 8 centimes l\u2019euro, souligne la cha\u00eene de t\u00e9l\u00e9vision francophone.<\/p>\n<p>En \u00e0 peine cinq jours, 13 millions de masques ont \u00e9t\u00e9 distribu\u00e9s, \u00ab premiers r\u00e9sultats de la mise en marche d\u2019une production industrielle locale d\u00e9cid\u00e9e d\u00e8s le d\u00e9but du mois d\u2019avril \u00bb, rel\u00e8ve <strong>TV5Monde<\/strong>. Cette politique a permis \u00e0 des soci\u00e9t\u00e9s d\u2019anticiper et de commander des masques pour prot\u00e9ger leurs salari\u00e9s. Des usines ont m\u00eame pu s\u2019organiser, pr\u00e9voyant y compris des formations sur le port du masque.<\/p>\n<p>Lire aussi : <a href=\"https:\/\/www.challenge.ma\/masques-lamith-et-le-ministere-de-lindustrie-a-lunisson-pour-approvisionner-le-marche-137629\/\">Masques : L\u2019AMITH et le minist\u00e8re de l\u2019Industrie \u00e0 l\u2019unisson pour approvisionner le march\u00e9<\/a><\/p>\n<p>Dans ce reportage, TV5Monde met l\u2019accent aussi sur la politique de r\u00e9gulation de la distribution des masques, qui permet de fournir des masques \u00e0 toutes les entreprises qui en font la demande.<\/p>\n<p>Pour r\u00e9pondre \u00e0 la demande et accro\u00eetre la production du pays, l\u2019Etat a mobilis\u00e9 des <strong>soci\u00e9t\u00e9s textiles<\/strong> qui avaient ferm\u00e9, en leur fournissant le tissu, souligne la cha\u00eene TV, qui affirme que certaines parmi ces entreprises se sont m\u00eames \u00e9quip\u00e9es de machines de st\u00e9rilisation pour que leur production soit conforme aux normes.<\/p>\n<p>Le Maroc, qui est en train d\u2019augmenter sa production, pr\u00e9voit d\u2019atteindre tr\u00e8s rapidement une production de cinq millions de <strong>masques<\/strong> par jour et des pays \u00e9trangers, dont la France, ont d\u00e9j\u00e0 pris contact pour en importer, affirme TV5Monde.<\/p>\n<div class=\"c17\">\n<fieldset class=\"c16\">\n<legend><strong><span class=\"c11\">Challenge<\/span><span class=\"c12\">news<\/span><\/strong><\/legend>\n<div class=\"c15\">Le meilleur de Challenge s\u00e9lectionn\u00e9 par la r\u00e9daction :<\/p>\n<\/div>\n<\/fieldset>\n<\/div>\n<p>Auteur: challenge<br \/>\n<a href=\"https:\/\/www.challenge.ma\/tv5-monde-le-maroc-a-fait-fort-dans-la-gestion-du-coronavirus-137696\/\">Cliquez ici pour lire l&rsquo;article depuis sa source.<\/a><\/p>\n","protected":false},"excerpt":{"rendered":"<p>Le Maroc a \u00ab fait fort \u00bb, affirme vendredi TV5Monde au sujet de la gestion de l\u2019\u00e9pid\u00e9mie du coronavirus, dans un reportage consacr\u00e9 \u00e0 la production industrielle dans le Royaume de masques de protection contre le nouveau virus. Depuis le 7 avril dernier, date \u00e0 laquelle le Maroc a rendu obligatoire le port du masque, [&hellip;]<\/p>\n","protected":false},"author":1787,"featured_media":0,"comment_status":"closed","ping_status":"closed","sticky":false,"template":"","format":"standard","meta":{"fifu_image_url":"","fifu_image_alt":"","footnotes":""},"categories":[78,54],"tags":[],"class_list":["post-82705","post","type-post","status-publish","format-standard","hentry","category-economie","category-maroc"],"_links":{"self":[{"href":"https:\/\/linitiative.ca\/International\/wp-json\/wp\/v2\/posts\/82705","targetHints":{"allow":["GET"]}}],"collection":[{"href":"https:\/\/linitiative.ca\/International\/wp-json\/wp\/v2\/posts"}],"about":[{"href":"https:\/\/linitiative.ca\/International\/wp-json\/wp\/v2\/types\/post"}],"author":[{"embeddable":true,"href":"https:\/\/linitiative.ca\/International\/wp-json\/wp\/v2\/users\/1787"}],"replies":[{"embeddable":true,"href":"https:\/\/linitiative.ca\/International\/wp-json\/wp\/v2\/comments?post=82705"}],"version-history":[{"count":0,"href":"https:\/\/linitiative.ca\/International\/wp-json\/wp\/v2\/posts\/82705\/revisions"}],"wp:attachment":[{"href":"https:\/\/linitiative.ca\/International\/wp-json\/wp\/v2\/media?parent=82705"}],"wp:term":[{"taxonomy":"category","embeddable":true,"href":"https:\/\/linitiative.ca\/International\/wp-json\/wp\/v2\/categories?post=82705"},{"taxonomy":"post_tag","embeddable":true,"href":"https:\/\/linitiative.ca\/International\/wp-json\/wp\/v2\/tags?post=82705"}],"curies":[{"name":"wp","href":"https:\/\/api.w.org\/{rel}","templated":true}]}}