{"id":82706,"date":"2020-04-17T15:51:46","date_gmt":"2020-04-17T19:51:46","guid":{"rendered":"https:\/\/linitiative.ca\/International\/produits-industriels-la-periode-transitoire-de-la-mise-en-place-du-nouveau-systeme-de-controle-prorogee\/"},"modified":"2020-04-17T15:51:46","modified_gmt":"2020-04-17T19:51:46","slug":"produits-industriels-la-periode-transitoire-de-la-mise-en-place-du-nouveau-systeme-de-controle-prorogee","status":"publish","type":"post","link":"https:\/\/linitiative.ca\/International\/produits-industriels-la-periode-transitoire-de-la-mise-en-place-du-nouveau-systeme-de-controle-prorogee\/","title":{"rendered":"Produits industriels: la p\u00e9riode transitoire de la mise en place du nouveau syst\u00e8me de contr\u00f4le prorog\u00e9e"},"content":{"rendered":"<p><strong>Le Minist\u00e8re de l\u2019Industrie, du Commerce, de l\u2019Economie Verte et Num\u00e9rique annonce la prolongation de la<\/strong> <strong>p\u00e9riode transitoire de la mise en place du nouveau syst\u00e8me de contr\u00f4le des produits industriels jusqu\u2019au 19 juin 2020.<\/strong><\/p>\n<div class=\"c10\"\/>\n<p>La crise sanitaire engendr\u00e9e par le Covid-19 n\u2019en finit pas de chambouler le calendrier d\u2019impl\u00e9mentation de plusieurs r\u00e9formes. Ce qui oblige les autorit\u00e9s \u00e0 s\u2019adapter \u00e0 la situation. C\u2019est dans ce sens que le minist\u00e8re de l\u2019Industrie, du Commerce, de l\u2019Economie Verte et Num\u00e9rique annonce ainsi la prorogation de la p\u00e9riode transitoire de la mise en place du nouveau syst\u00e8me de contr\u00f4le des produits industriels jusqu\u2019au 19 juin 2020, \u00e0 cause de la crise sanitaire.<\/p>\n<p>Lire aussi: <a href=\"https:\/\/www.challenge.ma\/franchise-plusieurs-enseignes-menacees-de-fermeture-definitive-137669\/\">Franchise : plusieurs enseignes menac\u00e9es de fermeture d\u00e9finitive<\/a><\/p>\n<p>Force est de souligner que la p\u00e9riode transitoire de la mise en place du nouveau syst\u00e8me de contr\u00f4le des produits industriels \u00e9tait pr\u00e9vue initialement du 1er f\u00e9vrier au 19 avril 2020. Le minist\u00e8re indique qu\u2019\u00e0 partir de la date du 20 juin 2020, les op\u00e9rateurs \u00e9conomiques devront proc\u00e9der \u00e0 l\u2019\u00e9valuation de la conformit\u00e9 des produits industriels soumis au contr\u00f4le normatif \u00e0 l\u2019importation selon le sch\u00e9ma suivant :<\/p>\n<p>Le contr\u00f4le sera effectu\u00e9 au niveau des postes fronti\u00e8res du Royaume pour les produits suivants :<\/p>\n<p>\u2022 Les pi\u00e8ces de rechanges automobiles suivantes : pneus, batteries, garnitures de frein, vitrage, \u00e9l\u00e9ments filtrants, c\u00e2bles de commande m\u00e9canique<\/p>\n<p>\u2022 Les produits de construction suivants : carreaux c\u00e9ramiques, ciment, feuilles d\u2019\u00e9tanch\u00e9it\u00e9, les produits sanitaires, la robinetterie, tubes en mati\u00e8re plastique<\/p>\n<p>\u2022 Les panneaux en bois<\/p>\n<p>\u2022 Les appareils de chauffage \u00e0 gaz et les chauffe-eaux \u00e0 gaz<\/p>\n<p>\u2022 Le fil machine et le fer \u00e0 b\u00e9ton\u00a0<\/p>\n<p>\u2022 Les articles d\u2019habillement autres que les v\u00eatements de travail\u00a0<\/p>\n<p>\u2022 Les chargeurs pour t\u00e9l\u00e9phones portables et les disjoncteurs<\/p>\n<p>\u2022 Les couvertures, les tapis, les moquettes et les tissus d\u2019ameublement\u00a0<\/p>\n<p>\u2022 Les couches pour b\u00e9b\u00e9s<\/p>\n<p>Le contr\u00f4le sera effectu\u00e9 dans les pays d\u2019exp\u00e9dition pour le reste des produits industriels concern\u00e9s.<\/p>\n<p>Notons que les op\u00e9rations de contr\u00f4le continueront d\u2019\u00eatre assur\u00e9es par les trois organismes d\u2019inspection agr\u00e9\u00e9s, APPLUS FOMENTO, BUREAU VERITAS et TUV RHEILAND.<\/p>\n<div class=\"c17\">\n<fieldset class=\"c16\">\n<legend><strong><span class=\"c11\">Challenge<\/span><span class=\"c12\">news<\/span><\/strong><\/legend>\n<div class=\"c15\">Le meilleur de Challenge s\u00e9lectionn\u00e9 par la r\u00e9daction :<\/p>\n<\/div>\n<\/fieldset>\n<\/div>\n<p>Auteur: challenge<br \/>\n<a href=\"https:\/\/www.challenge.ma\/produits-industriels-la-periode-transitoire-de-la-mise-en-place-du-nouveau-systeme-de-controle-prorogee-137713\/\">Cliquez ici pour lire l&rsquo;article depuis sa source.<\/a><\/p>\n","protected":false},"excerpt":{"rendered":"<p>Le Minist\u00e8re de l\u2019Industrie, du Commerce, de l\u2019Economie Verte et Num\u00e9rique annonce la prolongation de la p\u00e9riode transitoire de la mise en place du nouveau syst\u00e8me de contr\u00f4le des produits industriels jusqu\u2019au 19 juin 2020. La crise sanitaire engendr\u00e9e par le Covid-19 n\u2019en finit pas de chambouler le calendrier d\u2019impl\u00e9mentation de plusieurs r\u00e9formes. Ce qui [&hellip;]<\/p>\n","protected":false},"author":1787,"featured_media":0,"comment_status":"closed","ping_status":"closed","sticky":false,"template":"","format":"standard","meta":{"fifu_image_url":"","fifu_image_alt":"","footnotes":""},"categories":[78,54],"tags":[],"class_list":["post-82706","post","type-post","status-publish","format-standard","hentry","category-economie","category-maroc"],"_links":{"self":[{"href":"https:\/\/linitiative.ca\/International\/wp-json\/wp\/v2\/posts\/82706","targetHints":{"allow":["GET"]}}],"collection":[{"href":"https:\/\/linitiative.ca\/International\/wp-json\/wp\/v2\/posts"}],"about":[{"href":"https:\/\/linitiative.ca\/International\/wp-json\/wp\/v2\/types\/post"}],"author":[{"embeddable":true,"href":"https:\/\/linitiative.ca\/International\/wp-json\/wp\/v2\/users\/1787"}],"replies":[{"embeddable":true,"href":"https:\/\/linitiative.ca\/International\/wp-json\/wp\/v2\/comments?post=82706"}],"version-history":[{"count":0,"href":"https:\/\/linitiative.ca\/International\/wp-json\/wp\/v2\/posts\/82706\/revisions"}],"wp:attachment":[{"href":"https:\/\/linitiative.ca\/International\/wp-json\/wp\/v2\/media?parent=82706"}],"wp:term":[{"taxonomy":"category","embeddable":true,"href":"https:\/\/linitiative.ca\/International\/wp-json\/wp\/v2\/categories?post=82706"},{"taxonomy":"post_tag","embeddable":true,"href":"https:\/\/linitiative.ca\/International\/wp-json\/wp\/v2\/tags?post=82706"}],"curies":[{"name":"wp","href":"https:\/\/api.w.org\/{rel}","templated":true}]}}