{"id":82712,"date":"2020-04-17T17:19:48","date_gmt":"2020-04-17T21:19:48","guid":{"rendered":"https:\/\/linitiative.ca\/International\/coronavirus-pourquoi-ces-retards-du-ministere-de-sante-dans-lannonce-des-bilans\/"},"modified":"2020-04-17T17:19:48","modified_gmt":"2020-04-17T21:19:48","slug":"coronavirus-pourquoi-ces-retards-du-ministere-de-sante-dans-lannonce-des-bilans","status":"publish","type":"post","link":"https:\/\/linitiative.ca\/International\/coronavirus-pourquoi-ces-retards-du-ministere-de-sante-dans-lannonce-des-bilans\/","title":{"rendered":"Coronavirus \u2013 Pourquoi ces retards du minist\u00e8re de sant\u00e9 dans l\u2019annonce des bilans\u00a0?"},"content":{"rendered":"<div class=\"post-cont-in left relative\">\n<p>TunisieNumerique a publi\u00e9 le bilan quotidien de <a href=\"https:\/\/www.tunisienumerique.com\/tunisie-actualite\/coronavirus\/\" title=\"Coronavirus\" target=\"_top\" class=\"auto-link\" rel=\"noopener noreferrer\">Coronavirus<\/a> dans les diff\u00e9rents pays du monde sauf en Tunisie\u00a0!<\/p>\n<div class=\"code-block code-block-1 c3\"><ins class=\"adsbygoogle c2\" data-ad-layout=\"in-article\" data-ad-format=\"fluid\" data-ad-client=\"ca-pub-2102118777505746\" data-ad-slot=\"7301775417\"\/> <\/div>\n<p>A l\u2019heure de publication de cet article (22h15), les tunisiens restent en attente des nouvelles qui ne sont pas encore venues.<\/p>\n<p>Pourquoi tous les autres pays informent leurs citoyens du bilan \u00e0 une heure pr\u00e9cise connue d\u2019avance et pas nous en Tunisie ?<\/p>\n<p>Que cache ces retards\u00a0?<\/p>\n<p>On parle des r\u00e9sultats de la veille. Au d\u00e9but de la pand\u00e9mie, le minist\u00e8re donnait les r\u00e9sultats de la journ\u00e9e \u00e0 18h. Maintenant, ils sont incapables de donner \u00e0 22h les r\u00e9sultats de la veille\u00a0!<\/p>\n<p><a href=\"https:\/\/www.tunisienumerique.com\/tunisie-covid19-une-communication-floue-incomplete-et-parfois-erronee\/\" target=\"_blank\" rel=\"noopener noreferrer\">Avec ces retards, les r\u00e9sultats sont parfois erron\u00e9s !<\/a><\/p>\n<p>Est-ce qu\u2019il n\u2019 y a plus assez de kits de tests dans les r\u00e9gions\u00a0?<\/p>\n<p>Est-ce que les r\u00e9sultats sont corrig\u00e9s \u00e0 post\u00e9riori manuellement\u00a0?<\/p>\n<p>Toutes ces questions se posent faute de TRANSPARENCE dans la communication du minist\u00e8re de sant\u00e9.<\/p>\n<p>Plus qu\u2019une erreur de communication, c\u2019est un manque de respect aux tunisiens qui sont inquiets de la situation sanitaire de leur pays. Ce comportement inconcevable de l\u2019\u00e9quipe de communication ne peut que nourrir davantage la frustration alors que son r\u00f4le est d\u2019informer et de Rassurer.<\/p>\n<p>Ce manque de respect se r\u00e9p\u00e8te tous les jours devant, au moins, le silence coupable du ministre de la Sant\u00e9 Abdellatif Mekki.<\/p>\n<p>Et dire que le chef du gouvernement n\u2019a cess\u00e9 de r\u00e9p\u00e9ter qu\u2019il s\u2019agit d\u2019un gouvernement de la TRANSPARENCE!<\/p>\n<div class=\"swp_social_panel swp_horizontal_panel swp_flat_fresh swp_default_full_color swp_individual_full_color swp_other_full_color scale-100 scale-\" data-min-width=\"1100\" data-float-color=\"#ffffff\" data-float=\"bottom\" data-float-mobile=\"bottom\" data-transition=\"slide\">\n<div class=\"nc_tweetContainer swp_share_button total_shares total_sharesalt\"><span class=\"swp_count\">0 <span class=\"swp_label\">Partages<\/span><\/span><\/div>\n<\/div>\n<p><strong>Que se passe-t-il en Tunisie?<\/strong><br \/>Nous expliquons sur notre <a href=\"https:\/\/www.youtube.com\/channel\/UCRzypVq0B_yBad5eGrwBx0Q?sub_confirmation=1\" target=\"_blank\" rel=\"noopener noreferrer\">cha\u00eene YouTube<\/a> . <a href=\"https:\/\/www.youtube.com\/channel\/UCRzypVq0B_yBad5eGrwBx0Q?sub_confirmation=1\" target=\"_blank\" rel=\"noopener noreferrer\">Abonnez-vous!<\/a><\/p>\n<div class=\"mvp-org-wrap mvp-org-logo\" itemprop=\"publisher\" itemscope=\"\" itemtype=\"https:\/\/schema.org\/Organization\"><img decoding=\"async\" src=\"https:\/\/www.tunisienumerique.com\/wp-content\/uploads\/2017\/02\/logo_tunisie_numerique.png\"\/><\/div>\n<div class=\"mvp-related-posts left relative\">\n<h4 class=\"post-header\"><span class=\"post-header\">Lire aussi<\/span><\/h4>\n<\/div>\n<div id=\"article-ad\"><ins class=\"adsbygoogle c4\" data-ad-client=\"ca-pub-2102118777505746\" data-ad-slot=\"6513972734\" data-ad-format=\"auto\" data-full-width-responsive=\"true\"\/> <\/div>\n<\/div>\n<div id=\"post-sidebar-wrap\"><ins class=\"adsbygoogle c4\" data-ad-client=\"ca-pub-2102118777505746\" data-ad-slot=\"6168283410\" data-ad-format=\"auto\" data-full-width-responsive=\"true\"\/> <\/div>\n<p>Auteur: balkis<br \/>\n<a href=\"https:\/\/www.tunisienumerique.com\/coronavirus-pourquoi-ces-retards-du-ministere-de-sante-dans-lannonce-des-bilans\/\">Cliquez ici pour lire l&rsquo;article depuis sa source.<\/a><\/p>\n","protected":false},"excerpt":{"rendered":"<p>TunisieNumerique a publi\u00e9 le bilan quotidien de Coronavirus dans les diff\u00e9rents pays du monde sauf en Tunisie\u00a0! A l\u2019heure de publication de cet article (22h15), les tunisiens restent en attente des nouvelles qui ne sont pas encore venues. Pourquoi tous les autres pays informent leurs citoyens du bilan \u00e0 une heure pr\u00e9cise connue d\u2019avance et [&hellip;]<\/p>\n","protected":false},"author":1789,"featured_media":0,"comment_status":"closed","ping_status":"closed","sticky":false,"template":"","format":"standard","meta":{"fifu_image_url":"","fifu_image_alt":"","footnotes":""},"categories":[73,55],"tags":[],"class_list":["post-82712","post","type-post","status-publish","format-standard","hentry","category-actualite","category-tunisie"],"_links":{"self":[{"href":"https:\/\/linitiative.ca\/International\/wp-json\/wp\/v2\/posts\/82712","targetHints":{"allow":["GET"]}}],"collection":[{"href":"https:\/\/linitiative.ca\/International\/wp-json\/wp\/v2\/posts"}],"about":[{"href":"https:\/\/linitiative.ca\/International\/wp-json\/wp\/v2\/types\/post"}],"author":[{"embeddable":true,"href":"https:\/\/linitiative.ca\/International\/wp-json\/wp\/v2\/users\/1789"}],"replies":[{"embeddable":true,"href":"https:\/\/linitiative.ca\/International\/wp-json\/wp\/v2\/comments?post=82712"}],"version-history":[{"count":0,"href":"https:\/\/linitiative.ca\/International\/wp-json\/wp\/v2\/posts\/82712\/revisions"}],"wp:attachment":[{"href":"https:\/\/linitiative.ca\/International\/wp-json\/wp\/v2\/media?parent=82712"}],"wp:term":[{"taxonomy":"category","embeddable":true,"href":"https:\/\/linitiative.ca\/International\/wp-json\/wp\/v2\/categories?post=82712"},{"taxonomy":"post_tag","embeddable":true,"href":"https:\/\/linitiative.ca\/International\/wp-json\/wp\/v2\/tags?post=82712"}],"curies":[{"name":"wp","href":"https:\/\/api.w.org\/{rel}","templated":true}]}}