{"id":82718,"date":"2020-04-17T12:10:36","date_gmt":"2020-04-17T16:10:36","guid":{"rendered":"https:\/\/linitiative.ca\/International\/covid-19-a-partir-du-20-avril-le-couvre-feu-sera-de-21h-a-4-h-du-matin-decret-presidentiel\/"},"modified":"2020-04-17T12:10:36","modified_gmt":"2020-04-17T16:10:36","slug":"covid-19-a-partir-du-20-avril-le-couvre-feu-sera-de-21h-a-4-h-du-matin-decret-presidentiel","status":"publish","type":"post","link":"https:\/\/linitiative.ca\/International\/covid-19-a-partir-du-20-avril-le-couvre-feu-sera-de-21h-a-4-h-du-matin-decret-presidentiel\/","title":{"rendered":"Covid 19: A partir du 20 avril le couvre feu sera de 21h \u00e0 4 h du matin (d\u00e9cret pr\u00e9sidentiel)"},"content":{"rendered":"<div class=\"td-post-featured-image\"><a href=\"https:\/\/i0.wp.com\/www.sidwaya.info\/wp-content\/uploads\/2020\/04\/cm.jpg?fit=700%2C467&amp;ssl=1\" data-caption=\"\"><img loading=\"lazy\" decoding=\"async\" width=\"696\" height=\"464\" class=\"entry-thumb td-modal-image\" src=\"https:\/\/i0.wp.com\/www.sidwaya.info\/wp-content\/uploads\/2020\/04\/cm.jpg?resize=696%2C464&amp;ssl=1\" srcset=\"https:\/\/i0.wp.com\/www.sidwaya.info\/wp-content\/uploads\/2020\/04\/cm.jpg?w=700&amp;ssl=1 700w, https:\/\/i0.wp.com\/www.sidwaya.info\/wp-content\/uploads\/2020\/04\/cm.jpg?resize=300%2C200&amp;ssl=1 300w, https:\/\/i0.wp.com\/www.sidwaya.info\/wp-content\/uploads\/2020\/04\/cm.jpg?resize=696%2C464&amp;ssl=1 696w, https:\/\/i0.wp.com\/www.sidwaya.info\/wp-content\/uploads\/2020\/04\/cm.jpg?resize=630%2C420&amp;ssl=1 630w, https:\/\/i0.wp.com\/www.sidwaya.info\/wp-content\/uploads\/2020\/04\/cm.jpg?resize=600%2C400&amp;ssl=1 600w\" sizes=\"auto, (max-width: 696px) 100vw, 696px\" alt=\"\" title=\"cm\"\/><\/a><\/div>\n<p>Le couvre feu sera de 21h \u00e0 4 h du matin\u00a0 \u00e0 partir de 20 avril 2020(d\u00e9cret pr\u00e9sidentiel)<\/p>\n<p><img loading=\"lazy\" decoding=\"async\" class=\"alignleft size-full wp-image-21008\" src=\"https:\/\/i0.wp.com\/www.sidwaya.info\/wp-content\/uploads\/2020\/04\/couvre.jpg?resize=696%2C928&amp;ssl=1\" alt=\"\" width=\"696\" height=\"928\" srcset=\"https:\/\/i0.wp.com\/www.sidwaya.info\/wp-content\/uploads\/2020\/04\/couvre.jpg?w=774&amp;ssl=1 774w, https:\/\/i0.wp.com\/www.sidwaya.info\/wp-content\/uploads\/2020\/04\/couvre.jpg?resize=225%2C300&amp;ssl=1 225w, https:\/\/i0.wp.com\/www.sidwaya.info\/wp-content\/uploads\/2020\/04\/couvre.jpg?resize=768%2C1024&amp;ssl=1 768w, https:\/\/i0.wp.com\/www.sidwaya.info\/wp-content\/uploads\/2020\/04\/couvre.jpg?resize=696%2C928&amp;ssl=1 696w, https:\/\/i0.wp.com\/www.sidwaya.info\/wp-content\/uploads\/2020\/04\/couvre.jpg?resize=315%2C420&amp;ssl=1 315w, https:\/\/i0.wp.com\/www.sidwaya.info\/wp-content\/uploads\/2020\/04\/couvre.jpg?resize=600%2C800&amp;ssl=1 600w\" sizes=\"auto, (max-width: 696px) 100vw, 696px\" data-recalc-dims=\"1\"\/><\/p>\n<div class=\"td-a-rec td-a-rec-id-content_bottom  tdi_30_caa td_block_template_1\">\n<style><![CDATA[\n\/* custom css *\/\n.tdi_30_caa.td-a-rec-img{\n\t\t\t\t    text-align: left;\n\t\t\t\t}.tdi_30_caa.td-a-rec-img img{\n                    margin: 0 auto 0 0;\n                }\n]]><\/style>\n<p><img loading=\"lazy\" decoding=\"async\" class=\"aligncenter size-full wp-image-9623\" src=\"https:\/\/www.sidwaya.info\/wp-content\/uploads\/2019\/06\/Projet-bannie&#x300;re-Orange-mobile.jpg\" alt=\"\" width=\"728\" height=\"81\"\/><\/div>\n<p>Auteur: BS. Sidwaya<br \/>\n<a href=\"https:\/\/www.sidwaya.info\/blog\/2020\/04\/17\/covid-19-a-partir-du-20-avril-le-couvre-feu-sera-de-21h-a-4-h-du-matin-decret-presidentiel\/\">Cliquez ici pour lire l&rsquo;article depuis sa source.<\/a><\/p>\n","protected":false},"excerpt":{"rendered":"<p>Le couvre feu sera de 21h \u00e0 4 h du matin\u00a0 \u00e0 partir de 20 avril 2020(d\u00e9cret pr\u00e9sidentiel) Auteur: BS. Sidwaya Cliquez ici pour lire l&rsquo;article depuis sa source.<\/p>\n","protected":false},"author":1816,"featured_media":0,"comment_status":"closed","ping_status":"closed","sticky":false,"template":"","format":"standard","meta":{"fifu_image_url":"","fifu_image_alt":"","footnotes":""},"categories":[73,81],"tags":[],"class_list":["post-82718","post","type-post","status-publish","format-standard","hentry","category-actualite","category-burkina-faso"],"_links":{"self":[{"href":"https:\/\/linitiative.ca\/International\/wp-json\/wp\/v2\/posts\/82718","targetHints":{"allow":["GET"]}}],"collection":[{"href":"https:\/\/linitiative.ca\/International\/wp-json\/wp\/v2\/posts"}],"about":[{"href":"https:\/\/linitiative.ca\/International\/wp-json\/wp\/v2\/types\/post"}],"author":[{"embeddable":true,"href":"https:\/\/linitiative.ca\/International\/wp-json\/wp\/v2\/users\/1816"}],"replies":[{"embeddable":true,"href":"https:\/\/linitiative.ca\/International\/wp-json\/wp\/v2\/comments?post=82718"}],"version-history":[{"count":0,"href":"https:\/\/linitiative.ca\/International\/wp-json\/wp\/v2\/posts\/82718\/revisions"}],"wp:attachment":[{"href":"https:\/\/linitiative.ca\/International\/wp-json\/wp\/v2\/media?parent=82718"}],"wp:term":[{"taxonomy":"category","embeddable":true,"href":"https:\/\/linitiative.ca\/International\/wp-json\/wp\/v2\/categories?post=82718"},{"taxonomy":"post_tag","embeddable":true,"href":"https:\/\/linitiative.ca\/International\/wp-json\/wp\/v2\/tags?post=82718"}],"curies":[{"name":"wp","href":"https:\/\/api.w.org\/{rel}","templated":true}]}}