{"id":82719,"date":"2020-04-17T16:04:55","date_gmt":"2020-04-17T20:04:55","guid":{"rendered":"https:\/\/linitiative.ca\/International\/covid-19-le-transporteur-ferroviaire-camrail-active-son-dispositif-anti-coronavirus\/"},"modified":"2020-04-17T16:04:55","modified_gmt":"2020-04-17T20:04:55","slug":"covid-19-le-transporteur-ferroviaire-camrail-active-son-dispositif-anti-coronavirus","status":"publish","type":"post","link":"https:\/\/linitiative.ca\/International\/covid-19-le-transporteur-ferroviaire-camrail-active-son-dispositif-anti-coronavirus\/","title":{"rendered":"Covid-19: le transporteur ferroviaire Camrail active son dispositif anti-coronavirus"},"content":{"rendered":"<div readability=\"32\">\n<p>Publi\u00e9 le 17.04.2020 \u00e0 21h04 par Journalducameroun.com<\/p>\n<\/div>\n<div readability=\"65\">\n<h2>La compagnie ferroviaire Camrail a proc\u00e9d\u00e9 jeudi \u00e0 Yaound\u00e9 \u00e0 l\u2019activation d\u2019une batterie de mesures destin\u00e9es \u00e0 limiter la propagation du virus sur l\u2019ensemble de ses sites.<\/h2>\n<p>L\u2019entr\u00e9e au sein de la gare est d\u00e9sormais conditionn\u00e9 par le passage par une cabine de d\u00e9sinfection des passagers.<\/p>\n<p>Ladite cabine pulv\u00e9rise une solution d\u00e9sinfectante -sous la forme de vapeur- sur le passager. Au bout de la cabine, ce dernier a droit \u00e0 une solution hydroalcoolique pour se d\u00e9sinfecter les mains. La\u00a0cabine permet de d\u00e9sinfecter 300 passagers par heure.<\/p>\n<p>Un espace est pr\u00e9vu pour l\u2019approvisionnement en masques de protection (pour se couvrir la bouche et le nez) \u00e0\u00a0l\u2019int\u00e9rieur de la gare.<\/p>\n<p>Des thermoflashs sont visibles et des salles d\u2019isolement dans les gares et les wagons ont aussi \u00e9t\u00e9 am\u00e9nag\u00e9es pour la mise en quarantaine des potentiels porteurs du virus. A c\u00f4t\u00e9, le respect des mesures de distanciation est d\u00e9sormais de rigueur.<\/p>\n<p>Le dispositif a \u00e9t\u00e9 mis en service en pr\u00e9sence du Premier ministre, Joseph Dion Ngute qu\u2019accompagnaient plusieurs autres membres du gouvernement dont\u00a0 le ministre des Transports Ngalle Bibehe et\u00a0Malachie Manaouda,\u00a0ministre de la Sant\u00e9\u00a0 publique.<\/p>\n<p>Ces derniers ont eu l\u2019occasion d\u2019assister \u00e0 la simulation d\u2019une op\u00e9ration de d\u00e9contamination des lieux.\u00a0 L\u2019exercice a \u00e9t\u00e9 effectu\u00e9 par l\u2019\u00e9quipe pr\u00e9vue pour mener ce genre d\u2019op\u00e9rations.<\/p>\n<p>En saluant ces mesures pr\u00e9ventives,\u00a0 Malachie Manaouda a rappel\u00e9 que\u00a0 \u00ab\u00a0s<em>i vous avez un millier de personnes qui prennent le train, il suffit qu\u2019il y ait deux, trois, quatre personnes infect\u00e9es, pour que les autres le soient \u00e9galement\u00a0\u00bb.<\/em><\/p>\n<\/div>\n<p>Auteur: Jean-Christian Nselel<br \/>\n<a href=\"https:\/\/www.journalducameroun.com\/covid-19-le-transporteur-ferroviaire-camrail-active-son-dispositif-anti-coronavirus\/\">Cliquez ici pour lire l&rsquo;article depuis sa source.<\/a><\/p>\n","protected":false},"excerpt":{"rendered":"<p>Publi\u00e9 le 17.04.2020 \u00e0 21h04 par Journalducameroun.com La compagnie ferroviaire Camrail a proc\u00e9d\u00e9 jeudi \u00e0 Yaound\u00e9 \u00e0 l\u2019activation d\u2019une batterie de mesures destin\u00e9es \u00e0 limiter la propagation du virus sur l\u2019ensemble de ses sites. L\u2019entr\u00e9e au sein de la gare est d\u00e9sormais conditionn\u00e9 par le passage par une cabine de d\u00e9sinfection des passagers. Ladite cabine [&hellip;]<\/p>\n","protected":false},"author":1965,"featured_media":0,"comment_status":"closed","ping_status":"closed","sticky":false,"template":"","format":"standard","meta":{"fifu_image_url":"","fifu_image_alt":"","footnotes":""},"categories":[73,82],"tags":[],"class_list":["post-82719","post","type-post","status-publish","format-standard","hentry","category-actualite","category-cameroun"],"_links":{"self":[{"href":"https:\/\/linitiative.ca\/International\/wp-json\/wp\/v2\/posts\/82719","targetHints":{"allow":["GET"]}}],"collection":[{"href":"https:\/\/linitiative.ca\/International\/wp-json\/wp\/v2\/posts"}],"about":[{"href":"https:\/\/linitiative.ca\/International\/wp-json\/wp\/v2\/types\/post"}],"author":[{"embeddable":true,"href":"https:\/\/linitiative.ca\/International\/wp-json\/wp\/v2\/users\/1965"}],"replies":[{"embeddable":true,"href":"https:\/\/linitiative.ca\/International\/wp-json\/wp\/v2\/comments?post=82719"}],"version-history":[{"count":0,"href":"https:\/\/linitiative.ca\/International\/wp-json\/wp\/v2\/posts\/82719\/revisions"}],"wp:attachment":[{"href":"https:\/\/linitiative.ca\/International\/wp-json\/wp\/v2\/media?parent=82719"}],"wp:term":[{"taxonomy":"category","embeddable":true,"href":"https:\/\/linitiative.ca\/International\/wp-json\/wp\/v2\/categories?post=82719"},{"taxonomy":"post_tag","embeddable":true,"href":"https:\/\/linitiative.ca\/International\/wp-json\/wp\/v2\/tags?post=82719"}],"curies":[{"name":"wp","href":"https:\/\/api.w.org\/{rel}","templated":true}]}}