{"id":82720,"date":"2020-04-17T16:26:27","date_gmt":"2020-04-17T20:26:27","guid":{"rendered":"https:\/\/linitiative.ca\/International\/coronavirus-le-cameroun-franchit-la-barre-des-1000-contaminations\/"},"modified":"2020-04-17T16:26:27","modified_gmt":"2020-04-17T20:26:27","slug":"coronavirus-le-cameroun-franchit-la-barre-des-1000-contaminations","status":"publish","type":"post","link":"https:\/\/linitiative.ca\/International\/coronavirus-le-cameroun-franchit-la-barre-des-1000-contaminations\/","title":{"rendered":"Coronavirus : le Cameroun franchit la barre des 1000 contaminations"},"content":{"rendered":"<div readability=\"32\">\n<p>Publi\u00e9 le 17.04.2020 \u00e0 21h26 par journal du cameroun<\/p>\n<\/div>\n<div readability=\"58\">\n<h2 class=\"c4\">Le pays est l\u2019un des plus touch\u00e9s par la pand\u00e9mie sur le continent africain.<\/h2>\n<p class=\"c5\">Un mois et une semaine apr\u00e8s avoir d\u00e9clar\u00e9 le premier cas de <strong>coronavirus<\/strong> sur son sol, le Cameroun enregistre aujourd\u2019hui <strong>1016 personnes infect\u00e9e<\/strong>s.<\/p>\n<p class=\"c5\">Ces chiffres \u00e9manent de sources ind\u00e9pendantes, en l\u2019absence de communication officielle sur les cas de contaminations.<\/p>\n<p class=\"c5\">Le gouvernement a en effet d\u00e9cid\u00e9 de passer sous silence les cas de contaminations et de ne d\u00e9voiler que les cas de gu\u00e9risons et \u00e9ventuellement les d\u00e9c\u00e8s.<\/p>\n<p class=\"c5\">Ainsi au 17 avril 2020, le <strong>Cameroun<\/strong> annonce 177 personnes gu\u00e9ries et 22 d\u00e9c\u00e8s. Hier le 16 avril, le pays enregistrait d\u00e9j\u00e0 996 cas de contamination.<\/p>\n<p class=\"c5\">Le gouvernement r\u00e9v\u00e8le \u00e9galement le premier cas d\u2019infection dans la r\u00e9gion de l\u2019Adamaoua. Ce qui en fait le 1<sup>er<\/sup> officiellement d\u00e9tect\u00e9 dans le Grand Nord qui comporte les r\u00e9gions septentrionales de l\u2019Adamaoua, du Nord et de l\u2019Extr\u00eame-nord.<\/p>\n<p class=\"c5\">Pour le reste, la r\u00e9gion du Centre compte 558 cas, le Littoral 381 malades, l\u2019Ouest 60, le Sud-ouest 4 et l\u2019Est 2.<\/p>\n<\/div>\n<p>Auteur: Ludovic Amara<br \/>\n<a href=\"https:\/\/www.journalducameroun.com\/coronavirus-le-cameroun-franchit-la-barre-des-1000-contaminations-cameroun\/\">Cliquez ici pour lire l&rsquo;article depuis sa source.<\/a><\/p>\n","protected":false},"excerpt":{"rendered":"<p>Publi\u00e9 le 17.04.2020 \u00e0 21h26 par journal du cameroun Le pays est l\u2019un des plus touch\u00e9s par la pand\u00e9mie sur le continent africain. Un mois et une semaine apr\u00e8s avoir d\u00e9clar\u00e9 le premier cas de coronavirus sur son sol, le Cameroun enregistre aujourd\u2019hui 1016 personnes infect\u00e9es. Ces chiffres \u00e9manent de sources ind\u00e9pendantes, en l\u2019absence de [&hellip;]<\/p>\n","protected":false},"author":1965,"featured_media":0,"comment_status":"closed","ping_status":"closed","sticky":false,"template":"","format":"standard","meta":{"fifu_image_url":"","fifu_image_alt":"","footnotes":""},"categories":[73,82],"tags":[],"class_list":["post-82720","post","type-post","status-publish","format-standard","hentry","category-actualite","category-cameroun"],"_links":{"self":[{"href":"https:\/\/linitiative.ca\/International\/wp-json\/wp\/v2\/posts\/82720","targetHints":{"allow":["GET"]}}],"collection":[{"href":"https:\/\/linitiative.ca\/International\/wp-json\/wp\/v2\/posts"}],"about":[{"href":"https:\/\/linitiative.ca\/International\/wp-json\/wp\/v2\/types\/post"}],"author":[{"embeddable":true,"href":"https:\/\/linitiative.ca\/International\/wp-json\/wp\/v2\/users\/1965"}],"replies":[{"embeddable":true,"href":"https:\/\/linitiative.ca\/International\/wp-json\/wp\/v2\/comments?post=82720"}],"version-history":[{"count":0,"href":"https:\/\/linitiative.ca\/International\/wp-json\/wp\/v2\/posts\/82720\/revisions"}],"wp:attachment":[{"href":"https:\/\/linitiative.ca\/International\/wp-json\/wp\/v2\/media?parent=82720"}],"wp:term":[{"taxonomy":"category","embeddable":true,"href":"https:\/\/linitiative.ca\/International\/wp-json\/wp\/v2\/categories?post=82720"},{"taxonomy":"post_tag","embeddable":true,"href":"https:\/\/linitiative.ca\/International\/wp-json\/wp\/v2\/tags?post=82720"}],"curies":[{"name":"wp","href":"https:\/\/api.w.org\/{rel}","templated":true}]}}