{"id":82722,"date":"2020-04-17T16:50:07","date_gmt":"2020-04-17T20:50:07","guid":{"rendered":"https:\/\/linitiative.ca\/International\/la-pandemie-galope-en-afrique-mais-peut-encore-etre-contenue-oms\/"},"modified":"2020-04-17T16:50:07","modified_gmt":"2020-04-17T20:50:07","slug":"la-pandemie-galope-en-afrique-mais-peut-encore-etre-contenue-oms","status":"publish","type":"post","link":"https:\/\/linitiative.ca\/International\/la-pandemie-galope-en-afrique-mais-peut-encore-etre-contenue-oms\/","title":{"rendered":"La pand\u00e9mie galope en Afrique mais peut encore \u00eatre contenue (OMS)"},"content":{"rendered":"<div readability=\"32\">\n<p>Publi\u00e9 le 17.04.2020 \u00e0 21h50 par AFP<\/p>\n<\/div>\n<div readability=\"92\">\n<p>L\u2019OMS s\u2019est alarm\u00e9e vendredi de la progression rapide de la pand\u00e9mie de coronavirus en Afrique, tout en estimant qu\u2019\u00e0 ce stade elle pouvait encore \u00eatre contenue.<\/p>\n<p>\u00ab\u00a0Au cours de la semaine \u00e9coul\u00e9e, il y a eu une hausse de 51% du nombre de cas recens\u00e9s sur mon propre continent, l\u2019Afrique, et une hausse de 60% du nombre de d\u00e9c\u00e8s recens\u00e9s\u00a0\u00bb, a constat\u00e9 le directeur g\u00e9n\u00e9ral de l\u2019OMS, l\u2019Ethiopien Tedros Adhanom Ghebreyesus.<\/p>\n<p>\u00ab\u00a0Compte tenu de la difficult\u00e9 d\u2019obtenir des kits de diagnostic, il est probable que les nombres r\u00e9els soient plus \u00e9lev\u00e9s\u00a0\u00bb, a-t-il affirm\u00e9 au cours d\u2019une conf\u00e9rence de presse virtuelle depuis Gen\u00e8ve.<\/p>\n<p>Selon l\u2019OMS, les pays d\u2019Afrique ont besoin de soutien, de ressources, d\u2019\u00e9quipements, de transfert de technologies.<\/p>\n<p>\u00ab\u00a0Nous ne pensons pas aujourd\u2019hui que la maladie a pass\u00e9 le stade de ne pouvoir \u00eatre contenue. Nous pensons que beaucoup peut \u00eatre fait pour limiter l\u2019impact du virus. Et nous pensons que nous devons acc\u00e9l\u00e9rer nos efforts alors que le nombre de cas augmente chaque jour\u00a0\u00bb, a estim\u00e9 Michael Ryan, directeur des programmes d\u2019urgence de l\u2019OMS.<\/p>\n<p>L\u2019Afrique peut se pr\u00e9valoir de \u00ab\u00a0r\u00e9elles capacit\u00e9s\u00a0\u00bb pour y parvenir avec une \u00ab\u00a0longue histoire de lutte contre les \u00e9pid\u00e9mies, un solide programme contre la polio\u00a0\u00bb, a-t-il soulign\u00e9 tout en reconnaissant des \u00ab\u00a0contraintes\u00a0\u00bb, li\u00e9es notamment \u00e0 l\u2019habitat, souvent dense et dans des conditions d\u2019hygi\u00e8ne pr\u00e9caires ou d\u2019acc\u00e8s l\u2019eau limit\u00e9.<\/p>\n<p>\u00ab\u00a0Nous ne voulons pas que vous perdiez espoir. Contenir (le virus] est possible. Ca va \u00eatre un combat difficile. Le monde entier veut aider. Nous devons faire plus, nous devons permettre \u00e0 plus de personnes de tester et d\u2019identifier les cas, d\u2019\u00e9tablir des centres de traitement, de nous assurer que nous puissions observer la distanciation physique, avoir des points d\u2019eau pour se laver les mains l\u00e0 o\u00f9 il n\u2019existe pas d\u2019eau courante\u00a0\u00bb, a d\u00e9taill\u00e9 une autre responsable de la gestion de la pand\u00e9mie \u00e0 l\u2019OMS, Maria Van Kerkhove.<\/p>\n<p>Simultan\u00e9ment \u00e0 Washington, la banque mondiale et le FMI ont indiqu\u00e9 qu\u2019il manquait 44 milliards de dollars au continent pour lutter contre la pand\u00e9mie.<\/p>\n<p>Cr\u00e9anciers officiels et priv\u00e9s ont mobilis\u00e9 ou pourraient mobiliser jusqu\u2019\u00e0 70 milliards de dollars, mais l\u2019Afrique a besoin de 114 milliards, selon ces institutions.<\/p>\n<\/div>\n<p>Auteur: AFP<br \/>\n<a href=\"https:\/\/www.journalducameroun.com\/la-pandemie-galope-en-afrique-mais-peut-encore-etre-contenue-oms\/\">Cliquez ici pour lire l&rsquo;article depuis sa source.<\/a><\/p>\n","protected":false},"excerpt":{"rendered":"<p>Publi\u00e9 le 17.04.2020 \u00e0 21h50 par AFP L\u2019OMS s\u2019est alarm\u00e9e vendredi de la progression rapide de la pand\u00e9mie de coronavirus en Afrique, tout en estimant qu\u2019\u00e0 ce stade elle pouvait encore \u00eatre contenue. \u00ab\u00a0Au cours de la semaine \u00e9coul\u00e9e, il y a eu une hausse de 51% du nombre de cas recens\u00e9s sur mon propre [&hellip;]<\/p>\n","protected":false},"author":1965,"featured_media":0,"comment_status":"closed","ping_status":"closed","sticky":false,"template":"","format":"standard","meta":{"fifu_image_url":"","fifu_image_alt":"","footnotes":""},"categories":[73,82],"tags":[],"class_list":["post-82722","post","type-post","status-publish","format-standard","hentry","category-actualite","category-cameroun"],"_links":{"self":[{"href":"https:\/\/linitiative.ca\/International\/wp-json\/wp\/v2\/posts\/82722","targetHints":{"allow":["GET"]}}],"collection":[{"href":"https:\/\/linitiative.ca\/International\/wp-json\/wp\/v2\/posts"}],"about":[{"href":"https:\/\/linitiative.ca\/International\/wp-json\/wp\/v2\/types\/post"}],"author":[{"embeddable":true,"href":"https:\/\/linitiative.ca\/International\/wp-json\/wp\/v2\/users\/1965"}],"replies":[{"embeddable":true,"href":"https:\/\/linitiative.ca\/International\/wp-json\/wp\/v2\/comments?post=82722"}],"version-history":[{"count":0,"href":"https:\/\/linitiative.ca\/International\/wp-json\/wp\/v2\/posts\/82722\/revisions"}],"wp:attachment":[{"href":"https:\/\/linitiative.ca\/International\/wp-json\/wp\/v2\/media?parent=82722"}],"wp:term":[{"taxonomy":"category","embeddable":true,"href":"https:\/\/linitiative.ca\/International\/wp-json\/wp\/v2\/categories?post=82722"},{"taxonomy":"post_tag","embeddable":true,"href":"https:\/\/linitiative.ca\/International\/wp-json\/wp\/v2\/tags?post=82722"}],"curies":[{"name":"wp","href":"https:\/\/api.w.org\/{rel}","templated":true}]}}