{"id":82724,"date":"2020-04-17T11:08:28","date_gmt":"2020-04-17T15:08:28","guid":{"rendered":"https:\/\/linitiative.ca\/International\/lutte-contre-le-covid-19-58-milliards-de-fcfa-encore-dans-lincertitude\/"},"modified":"2020-04-17T11:08:28","modified_gmt":"2020-04-17T15:08:28","slug":"lutte-contre-le-covid-19-58-milliards-de-fcfa-encore-dans-lincertitude","status":"publish","type":"post","link":"https:\/\/linitiative.ca\/International\/lutte-contre-le-covid-19-58-milliards-de-fcfa-encore-dans-lincertitude\/","title":{"rendered":"Lutte contre le Covid-19 : 58 milliards de FCFA encore dans l\u2019incertitude"},"content":{"rendered":"<p>Dans la matin\u00e9e du jeudi 16 avril 2020, la situation \u00e9pid\u00e9miologique de la maladie \u00e0 coronavirus au Cameroun faisait \u00e9tat de 922 cas confirm\u00e9s de contamination, parmi lesquels 24 personnels de sant\u00e9. Ces chiffres \u00e9taient pr\u00e9sent\u00e9s par le ministre de la Sant\u00e9 publique aux membres de l\u2019Assembl\u00e9e nationale, en session pl\u00e9ni\u00e8re. La communication du Dr Manaouda Malachie avait pour principal objet de pr\u00e9senter aux d\u00e9put\u00e9s r\u00e9cemment (r\u00e9)\u00e9lus le volet sanitaire du plan de riposte engag\u00e9 par le gouvernement camerounais depuis la d\u00e9couverte du premier cas de Covid-19 le 5 mars dernier sur le territoire camerounais.<\/p>\n<p>Dans son document de d\u00e9claration aux d\u00e9put\u00e9s, dont EcoMatin a eu copie, le ministre Manaouda Malachie ne fait pas cas de la r\u00e9partition des moyens financiers et techniques mis en branle par le gouvernement pour faire face \u00e0 la crise li\u00e9e \u00e0 la Covid-19. C\u2019est un tweet de Cabral Libii, d\u00e9put\u00e9 et pr\u00e9sident du Parti camerounais pour la R\u00e9conciliation Nationale (PCRN) qui donne un d\u00e9tail important\u00a0: le plan de riposte gouvernemental contre la Covid-19 repose sur un budget provisoire de 58 milliards de FCFA. Il ne pr\u00e9cise aucune r\u00e9partition de cette enveloppe.<\/p>\n<p><strong>Motus au Premier minist\u00e8re<\/strong><\/p>\n<p>Encore que, dans ce cadre, il \u00e9choit au ministre des Finances, et encore plus au Premier ministre Joseph Dion Ngute, qui pilote la riposte, d\u2019indiquer aux Camerounais comment l\u2019Etat compte g\u00e9rer cette crise afin qu\u2019elle n\u2019ait pas un impact trop grave sur l\u2019\u00e9conomie du pays. Mais, pour l\u2019heure, c\u2019est motus et bouche cousue \u00e0 l\u2019Immeuble Etoile de Yaound\u00e9. Pourtant, on aurait attendu que l\u2019Etat communiqu\u00e2t sur ce plan de riposte. La question de savoir comment seront r\u00e9partis les 58 milliards de FCFA est primordiale.<\/p>\n<p>R\u00e9cemment, les entreprises priv\u00e9es ont sollicit\u00e9 l\u2019accompagnement de l\u2019Etat et ont fait des suggestions. Jusqu\u2019ici, aucune information ne leur est donn\u00e9e. Le secteur industriel, concern\u00e9 par exemple par la fabrication de masques de protection, est en attente. Au sein de la Recherche scientifique, c\u2019est \u00e9galement le vide. Quid par exemple du montant \u00e0 allouer pour la fabrication de 6\u00a0000 comprim\u00e9s de chloroquine par jour que le gouvernement a annonc\u00e9 il y a quelques jours\u00a0? On pourrait \u00e9galement se demander \u00e0 quelles proportions financi\u00e8res seront accord\u00e9es aux m\u00e9nages les plus vuln\u00e9rables, comme cela s\u2019est dans d\u2019autres pays, \u00e0 l\u2019instar du Gabon voisin. Pour l\u2019instant, au Cameroun, en d\u00e9terminer les contours ne semble pas encore une priorit\u00e9.<\/p>\n<p><strong>Fonds sp\u00e9cial de solidarit\u00e9<\/strong><\/p>\n<p>Aucune information non plus sur la gestion du Fonds sp\u00e9cial de solidarit\u00e9 mis en place sur ordre du pr\u00e9sident de la R\u00e9publique, et abond\u00e9 en urgence d\u2019un milliard de FCFA. Le 15 avril, le ministre des Finances, Louis Paul Motaze a annonc\u00e9 dans un communiqu\u00e9 la cr\u00e9ation d\u2019un compte bancaire aupr\u00e8s de BGFIBank o\u00f9 les dons en num\u00e9raires, par ch\u00e8que bancaire ou virement, pourront se faire pour appuyer ledit fonds. Les appuis peuvent aussi \u00eatre faits au travers du guichet des postes comptables du Tr\u00e9sor public (tr\u00e9soreries g\u00e9n\u00e9rales et perceptions aupr\u00e8s des missions diplomatiques et consulaires).<\/p>\n<p>Sauf que, jusqu\u2019\u00e0 pr\u00e9sent, point de lumi\u00e8re sur les montants d\u00e9j\u00e0 collect\u00e9s. Le Premier ministre Joseph Dion Ngute, charg\u00e9 de piloter le plan de riposte, n\u2019en dit pas un mot. Au minist\u00e8re de la Sant\u00e9 publique, qui avait d\u00e9j\u00e0 commenc\u00e9 \u00e0 recevoir des ch\u00e8ques et des dons en consommables et mat\u00e9riels m\u00e9dicaux, la derni\u00e8re communication au sujet des contributions remonte au 4 avril, lorsque le Minsant\u00e9 r\u00e9v\u00e9lait\u00a0: \u00ab\u00a0nous avons re\u00e7u des entreprises citoyennes et de personnes de bonne volont\u00e9 la somme cumul\u00e9e de sept-cent soixante-dix millions cent cinquante mille FCFA dont cinq cent millions FCFA en attente de virement dans le compte d\u00e9di\u00e9\u00a0\u00bb.<\/p>\n<p><strong>Inqui\u00e9tudes<\/strong><\/p>\n<p>Brouillard total sur l\u2019utilisation de ces financements. Tout juste si des sources soufflent \u00e0 EcoMatin que \u00ab\u00a0ces ressources financi\u00e8res ont permis de prendre en charge, entre autres, les h\u00f4tels dans lesquels les passagers arriv\u00e9s au Cameroun ont \u00e9t\u00e9 confin\u00e9s, la gestion des \u00e9quipes de terrain dans le cadre du suivi permanent de cette \u00e9pid\u00e9mie, l\u2019acquisition des \u00e9quipements de protection individuelle et d\u2019assainissement\u00a0\u00bb. Et certaines autres charges directes.<\/p>\n<p>L\u2019absence d\u2019information claire au sujet de la gestion financi\u00e8re du plan de riposte pose ainsi deux questionnements. Le premier est, qu\u2019au regard de la gestion des fonds de solidarit\u00e9 d\u00e9clench\u00e9s par le pass\u00e9 (Boko Haram et Guerre dans le Nord-ouest et le Sud-ouest), le Cameroun s\u2019achemine-t-il encore une fois dans l\u2019imbroglio\u00a0? La seconde, et non des moindres, est de savoir si, en r\u00e9alit\u00e9, le gouvernement n\u2019a pas encore d\u00e9finitivement \u00e9tabli son plan de riposte, plus de 45 jours apr\u00e8s la survenue du Covid-19.<\/p>\n<div class=\"awac-wrapper awac widget posts-list-widget-13\">\n<h4 class=\"widget-title\">Recent Posts<\/h4>\n<\/div>\n<p>Auteur: EcoMatin<br \/>\n<a href=\"https:\/\/ecomatin.net\/lutte-contre-le-covid-19-58-milliards-de-fcfa-encore-dans-lincertitude\/\">Cliquez ici pour lire l&rsquo;article depuis sa source.<\/a><\/p>\n","protected":false},"excerpt":{"rendered":"<p>Dans la matin\u00e9e du jeudi 16 avril 2020, la situation \u00e9pid\u00e9miologique de la maladie \u00e0 coronavirus au Cameroun faisait \u00e9tat de 922 cas confirm\u00e9s de contamination, parmi lesquels 24 personnels de sant\u00e9. Ces chiffres \u00e9taient pr\u00e9sent\u00e9s par le ministre de la Sant\u00e9 publique aux membres de l\u2019Assembl\u00e9e nationale, en session pl\u00e9ni\u00e8re. La communication du Dr [&hellip;]<\/p>\n","protected":false},"author":1969,"featured_media":0,"comment_status":"closed","ping_status":"closed","sticky":false,"template":"","format":"standard","meta":{"fifu_image_url":"","fifu_image_alt":"","footnotes":""},"categories":[82,78],"tags":[],"class_list":["post-82724","post","type-post","status-publish","format-standard","hentry","category-cameroun","category-economie"],"_links":{"self":[{"href":"https:\/\/linitiative.ca\/International\/wp-json\/wp\/v2\/posts\/82724","targetHints":{"allow":["GET"]}}],"collection":[{"href":"https:\/\/linitiative.ca\/International\/wp-json\/wp\/v2\/posts"}],"about":[{"href":"https:\/\/linitiative.ca\/International\/wp-json\/wp\/v2\/types\/post"}],"author":[{"embeddable":true,"href":"https:\/\/linitiative.ca\/International\/wp-json\/wp\/v2\/users\/1969"}],"replies":[{"embeddable":true,"href":"https:\/\/linitiative.ca\/International\/wp-json\/wp\/v2\/comments?post=82724"}],"version-history":[{"count":0,"href":"https:\/\/linitiative.ca\/International\/wp-json\/wp\/v2\/posts\/82724\/revisions"}],"wp:attachment":[{"href":"https:\/\/linitiative.ca\/International\/wp-json\/wp\/v2\/media?parent=82724"}],"wp:term":[{"taxonomy":"category","embeddable":true,"href":"https:\/\/linitiative.ca\/International\/wp-json\/wp\/v2\/categories?post=82724"},{"taxonomy":"post_tag","embeddable":true,"href":"https:\/\/linitiative.ca\/International\/wp-json\/wp\/v2\/tags?post=82724"}],"curies":[{"name":"wp","href":"https:\/\/api.w.org\/{rel}","templated":true}]}}