{"id":82725,"date":"2020-04-17T11:16:15","date_gmt":"2020-04-17T15:16:15","guid":{"rendered":"https:\/\/linitiative.ca\/International\/coronavirus-la-reprise-des-cours-programmee-pour-le-1er-juin\/"},"modified":"2020-04-17T11:16:15","modified_gmt":"2020-04-17T15:16:15","slug":"coronavirus-la-reprise-des-cours-programmee-pour-le-1er-juin","status":"publish","type":"post","link":"https:\/\/linitiative.ca\/International\/coronavirus-la-reprise-des-cours-programmee-pour-le-1er-juin\/","title":{"rendered":"Coronavirus : la reprise des cours programm\u00e9e pour le 1er juin"},"content":{"rendered":"<div id=\"the-post\">\n<div class=\"featured-area featured-area-inner\" readability=\"7\"><img loading=\"lazy\" decoding=\"async\" width=\"780\" height=\"441\" src=\"https:\/\/ecomatin.net\/wp-content\/uploads\/2020\/04\/ecole.png\" class=\"attachment-jannah-image-post size-jannah-image-post wp-post-image\" alt=\"Les &#xE9;l&#xE8;ves bient&#xF4;t de retour sur les bancs\" srcset=\"https:\/\/ecomatin.net\/wp-content\/uploads\/2020\/04\/ecole.png 780w, https:\/\/ecomatin.net\/wp-content\/uploads\/2020\/04\/ecole-300x170.png 300w, https:\/\/ecomatin.net\/wp-content\/uploads\/2020\/04\/ecole-768x434.png 768w, https:\/\/ecomatin.net\/wp-content\/uploads\/2020\/04\/ecole-390x220.png 390w\" sizes=\"auto, (max-width: 780px) 100vw, 780px\" data-attachment-id=\"15166\" data-permalink=\"https:\/\/ecomatin.net\/coronavirus-la-reprise-des-cours-programmee-pour-le-1er-juin\/ecole-2\/\" data-orig-file=\"https:\/\/ecomatin.net\/wp-content\/uploads\/2020\/04\/ecole.png\" data-orig-size=\"780,441\" data-comments-opened=\"0\" data-image-meta=\"{&quot;aperture&quot;:&quot;0&quot;,&quot;credit&quot;:&quot;&quot;,&quot;camera&quot;:&quot;&quot;,&quot;caption&quot;:&quot;&quot;,&quot;created_timestamp&quot;:&quot;0&quot;,&quot;copyright&quot;:&quot;&quot;,&quot;focal_length&quot;:&quot;0&quot;,&quot;iso&quot;:&quot;0&quot;,&quot;shutter_speed&quot;:&quot;0&quot;,&quot;title&quot;:&quot;&quot;,&quot;orientation&quot;:&quot;0&quot;}\" data-image-title=\"ecole\" data-image-description=\"\" data-medium-file=\"https:\/\/ecomatin.net\/wp-content\/uploads\/2020\/04\/ecole-300x170.png\" data-large-file=\"https:\/\/ecomatin.net\/wp-content\/uploads\/2020\/04\/ecole.png\"\/> Les \u00e9l\u00e8ves bient\u00f4t de retour sur les bancs<\/div>\n<div class=\"entry-content entry clearfix\" readability=\"57.3083067093\">\n<p>A la suite de la vid\u00e9o conf\u00e9rence tenue avec les membres du gouvernement, sur l\u2019\u00e9valuation un mois apr\u00e8s du lancement du plan de riposte contre le Coronavirus, le Premier ministre Joseph Dion Ngute a fait une d\u00e9claration au cours de laquelle, il a annonc\u00e9 trois nouvelles d\u00e9cisions dans le cadre de la lutte contre le virus.<\/p>\n<p>Le Chef du gouvernement a ainsi annonc\u00e9, le 16 avril, que les cours reprendront le 1<sup>er<\/sup> juin prochain dans tous les \u00e9tablissements scolaires et universitaires du pays, ainsi que dans les centres de formations professionnelles et les grandes \u00e9coles. Cette mesure pourrait \u00eatre r\u00e9ajust\u00e9e en fonction de l\u2019\u00e9volution de la pand\u00e9mie, a-t-il pr\u00e9cis\u00e9.<\/p>\n<p>L\u2019autre d\u00e9cision gouvernementale concerne la prorogation, de 15 jours suppl\u00e9mentaires, des mesures-barri\u00e8res \u00e9dict\u00e9es depuis le 17 mars. Et enfin, le gouvernement a d\u00e9cid\u00e9 de finaliser en urgence l\u2019\u00e9tude visant \u00e0 \u00e9valuer l\u2019impact de la Covid-19 sur l\u2019\u00e9conomie nationale et d\u00e9terminer en urgence les mesures d\u2019accompagnement \u00e0 mettre en \u0153uvre pour soutenir les secteurs en difficult\u00e9s et les m\u00e9nages les plus fragiles.<\/p>\n<p>Toujours dans sa d\u00e9claration, Joseph Dion Ngute a fait quatre principaux constats. Le premier concerne le nombre de personnes infect\u00e9es qui se chiffre \u00e0 996 \u00e0 ce jour, pour 164 gu\u00e9ris et 22 d\u00e9c\u00e8s, soit un taux de mortalit\u00e9 faible comme il l\u2019a indiqu\u00e9. Il constate aussi une large adh\u00e9sion des populations aux mesures gouvernementales en vue de limiter la propagation du Covid-19 au Cameroun.<\/p>\n<p>En troisi\u00e8me lieu, il a rappel\u00e9 que le gouvernement a pris la pleine mesure des difficult\u00e9s auxquelles sont confront\u00e9s certains secteurs essentiels de l\u2019\u00e9conomie du fait de la crise sanitaire mondiale li\u00e9e au Covid-19. Et enfin, il informe que le gouvernement a pris la pleine mesure des difficult\u00e9s auxquelles sont confront\u00e9s certains secteurs essentiels \u00e0 l\u2019\u00e9conomie du fait du Coronavirus.<\/p>\n<div class=\"awac-wrapper awac widget posts-list-widget-13\">\n<h4 class=\"widget-title\">Recent Posts<\/h4>\n<\/div>\n<\/div>\n<\/div>\n<div readability=\"31.5\">\n<div class=\"container-wrapper subscribe-widget widget-inner-wrap subscribe-widget-content\" id=\"post-newsletter\" readability=\"33\">\n<h4>With Product You Purchase<\/h4>\n<h3>Subscribe to our mailing list to get the new updates!<\/h3>\n<p>Lorem ipsum dolor sit amet, consectetur.<\/p>\n<\/div>\n<\/div>\n<p>Auteur: EcoMatin<br \/>\n<a href=\"https:\/\/ecomatin.net\/coronavirus-la-reprise-des-cours-programmee-pour-le-1er-juin\/\">Cliquez ici pour lire l&rsquo;article depuis sa source.<\/a><\/p>\n","protected":false},"excerpt":{"rendered":"<p>Les \u00e9l\u00e8ves bient\u00f4t de retour sur les bancs A la suite de la vid\u00e9o conf\u00e9rence tenue avec les membres du gouvernement, sur l\u2019\u00e9valuation un mois apr\u00e8s du lancement du plan de riposte contre le Coronavirus, le Premier ministre Joseph Dion Ngute a fait une d\u00e9claration au cours de laquelle, il a annonc\u00e9 trois nouvelles d\u00e9cisions [&hellip;]<\/p>\n","protected":false},"author":1969,"featured_media":0,"comment_status":"closed","ping_status":"closed","sticky":false,"template":"","format":"standard","meta":{"fifu_image_url":"","fifu_image_alt":"","footnotes":""},"categories":[82,78],"tags":[],"class_list":["post-82725","post","type-post","status-publish","format-standard","hentry","category-cameroun","category-economie"],"_links":{"self":[{"href":"https:\/\/linitiative.ca\/International\/wp-json\/wp\/v2\/posts\/82725","targetHints":{"allow":["GET"]}}],"collection":[{"href":"https:\/\/linitiative.ca\/International\/wp-json\/wp\/v2\/posts"}],"about":[{"href":"https:\/\/linitiative.ca\/International\/wp-json\/wp\/v2\/types\/post"}],"author":[{"embeddable":true,"href":"https:\/\/linitiative.ca\/International\/wp-json\/wp\/v2\/users\/1969"}],"replies":[{"embeddable":true,"href":"https:\/\/linitiative.ca\/International\/wp-json\/wp\/v2\/comments?post=82725"}],"version-history":[{"count":0,"href":"https:\/\/linitiative.ca\/International\/wp-json\/wp\/v2\/posts\/82725\/revisions"}],"wp:attachment":[{"href":"https:\/\/linitiative.ca\/International\/wp-json\/wp\/v2\/media?parent=82725"}],"wp:term":[{"taxonomy":"category","embeddable":true,"href":"https:\/\/linitiative.ca\/International\/wp-json\/wp\/v2\/categories?post=82725"},{"taxonomy":"post_tag","embeddable":true,"href":"https:\/\/linitiative.ca\/International\/wp-json\/wp\/v2\/tags?post=82725"}],"curies":[{"name":"wp","href":"https:\/\/api.w.org\/{rel}","templated":true}]}}