{"id":82726,"date":"2020-04-17T11:20:42","date_gmt":"2020-04-17T15:20:42","guid":{"rendered":"https:\/\/linitiative.ca\/International\/serge-eric-epoune-nouveau-patron-de-la-communication-des-adc\/"},"modified":"2020-04-17T11:20:42","modified_gmt":"2020-04-17T15:20:42","slug":"serge-eric-epoune-nouveau-patron-de-la-communication-des-adc","status":"publish","type":"post","link":"https:\/\/linitiative.ca\/International\/serge-eric-epoune-nouveau-patron-de-la-communication-des-adc\/","title":{"rendered":"Serge Eric Epoune, nouveau patron de la communication des ADC"},"content":{"rendered":"<p>C\u2019est le 30 mars dernier qu\u2019il a officiellement pris les r\u00eanes de la communication de la soci\u00e9t\u00e9 anonyme A\u00e9roports du Cameroun (ADC S.A). Serge Eric Epoune avait \u00e9t\u00e9 nomm\u00e9 chef de la division de la Communication, de la Documentation et des Archives de la plus grosse plate-forme a\u00e9roportuaire d\u2019Afrique Centrale. A 46 ans, le natif de Bafia dans le d\u00e9partement du Mbam et Inoubou remplace \u00e0 ce poste Ghyslain Ebang d\u00e9c\u00e9d\u00e9 des suites de maladie.<\/p>\n<p>A l\u2019heure ou ADC amorce son processus de modernisation afin de rendre plus comp\u00e9titive ses offres, le r\u00f4le du promu sera d\u2019am\u00e9liorer la communication \u00e9lectronique et la pr\u00e9sence des ADC sur le web. \u00ab\u00a0<em>Ma premi\u00e8re mission est de donner une meilleure visibilit\u00e9 aux investissements consentis pour le d\u00e9veloppement des A\u00e9roports du Cameroun \u00e0 cet effet<\/em>\u00a0\u00bb, a-t-il d\u00e9clar\u00e9.<\/p>\n<p>La t\u00e2che ne sera pas ais\u00e9e, mais elle est \u00e0 la hauteur de l\u2019homme qui a su faire ses preuves tout au long de son parcours professionnel. Sorti du moule de l\u2019Institut National de la Jeunesse et des Sports en tant que conseiller de la jeunesse et des sports, Serges Eric Epoune d\u00e9marre sa carri\u00e8re professionnelle au milieu des ann\u00e9es 2000 au minist\u00e8re de la Jeunesse et de l\u2019Education civique.<\/p>\n<p>Il sera par la suite charg\u00e9 d\u2019Etudes Assistant n\u00b02 \u00e0 la cellule de communication du minist\u00e8re des Travaux publics, puis chef de la cellule de communication au minist\u00e8re du Tourisme et des Loisirs, avant de d\u00e9barquer au minist\u00e8re du Commerce au m\u00eame poste.<\/p>\n<p>Serge Eric Epoune jouit \u00e9galement d\u2019une forte exp\u00e9rience en tant que consultant des institutions sp\u00e9cialis\u00e9es comme le Programme d\u2019Appui au soutien \u00e0 l\u2019APE (PASAPE). Ce parcours lui sera sans doute d\u2019un grand appui pour faciliter l\u2019impl\u00e9mentation du vaste plan de r\u00e9habilitation des infrastructures a\u00e9roportuaires impuls\u00e9 par le directeur g\u00e9n\u00e9ral Thomas Owona Assoumou.<\/p>\n<p>Cr\u00e9\u00e9e en 1993, la soci\u00e9t\u00e9 anonyme des A\u00e9roports du Cameroun a pour mission la gestion, l\u2019exploitation, l\u2019entretien, le renouvellement, la r\u00e9habilitation et le d\u00e9veloppement des sept a\u00e9roports de la concession et aussi l\u2019assistance en escale des a\u00e9ronefs. Avec un capital d\u00e9tenu \u00e0 63% par l\u2019Etat du Cameroun, elle ambitionne faire figurer les a\u00e9roports internationaux de Yaound\u00e9\u00a0et de Douala parmi les a\u00e9roports de r\u00e9f\u00e9rence en Afrique subsaharienne.\u00a0<\/p>\n<div class=\"awac-wrapper awac widget posts-list-widget-13\">\n<h4 class=\"widget-title\">Recent Posts<\/h4>\n<\/div>\n<p>Auteur: EcoMatin<br \/>\n<a href=\"https:\/\/ecomatin.net\/serge-eric-epoune-nouveau-patron-de-la-communication-des-adc\/\">Cliquez ici pour lire l&rsquo;article depuis sa source.<\/a><\/p>\n","protected":false},"excerpt":{"rendered":"<p>C\u2019est le 30 mars dernier qu\u2019il a officiellement pris les r\u00eanes de la communication de la soci\u00e9t\u00e9 anonyme A\u00e9roports du Cameroun (ADC S.A). Serge Eric Epoune avait \u00e9t\u00e9 nomm\u00e9 chef de la division de la Communication, de la Documentation et des Archives de la plus grosse plate-forme a\u00e9roportuaire d\u2019Afrique Centrale. A 46 ans, le natif [&hellip;]<\/p>\n","protected":false},"author":1969,"featured_media":0,"comment_status":"closed","ping_status":"closed","sticky":false,"template":"","format":"standard","meta":{"fifu_image_url":"","fifu_image_alt":"","footnotes":""},"categories":[82,78],"tags":[],"class_list":["post-82726","post","type-post","status-publish","format-standard","hentry","category-cameroun","category-economie"],"_links":{"self":[{"href":"https:\/\/linitiative.ca\/International\/wp-json\/wp\/v2\/posts\/82726","targetHints":{"allow":["GET"]}}],"collection":[{"href":"https:\/\/linitiative.ca\/International\/wp-json\/wp\/v2\/posts"}],"about":[{"href":"https:\/\/linitiative.ca\/International\/wp-json\/wp\/v2\/types\/post"}],"author":[{"embeddable":true,"href":"https:\/\/linitiative.ca\/International\/wp-json\/wp\/v2\/users\/1969"}],"replies":[{"embeddable":true,"href":"https:\/\/linitiative.ca\/International\/wp-json\/wp\/v2\/comments?post=82726"}],"version-history":[{"count":0,"href":"https:\/\/linitiative.ca\/International\/wp-json\/wp\/v2\/posts\/82726\/revisions"}],"wp:attachment":[{"href":"https:\/\/linitiative.ca\/International\/wp-json\/wp\/v2\/media?parent=82726"}],"wp:term":[{"taxonomy":"category","embeddable":true,"href":"https:\/\/linitiative.ca\/International\/wp-json\/wp\/v2\/categories?post=82726"},{"taxonomy":"post_tag","embeddable":true,"href":"https:\/\/linitiative.ca\/International\/wp-json\/wp\/v2\/tags?post=82726"}],"curies":[{"name":"wp","href":"https:\/\/api.w.org\/{rel}","templated":true}]}}