{"id":82728,"date":"2020-04-17T11:29:00","date_gmt":"2020-04-17T15:29:00","guid":{"rendered":"https:\/\/linitiative.ca\/International\/covid-19-manaouda-malachie-ferme-des-pharmacies-et-cabinets-de-soins-medicaux\/"},"modified":"2020-04-17T11:29:00","modified_gmt":"2020-04-17T15:29:00","slug":"covid-19-manaouda-malachie-ferme-des-pharmacies-et-cabinets-de-soins-medicaux","status":"publish","type":"post","link":"https:\/\/linitiative.ca\/International\/covid-19-manaouda-malachie-ferme-des-pharmacies-et-cabinets-de-soins-medicaux\/","title":{"rendered":"Covid-19 : Manaouda Malachie ferme des pharmacies et cabinets de soins m\u00e9dicaux"},"content":{"rendered":"<p>Le 8 avril, le ministre de la Sant\u00e9 publique Manaouda Malachie a dress\u00e9 une liste compos\u00e9e de deux pharmacies et deux cabinets de soins m\u00e9dicaux \u00e0 mettre sous scell\u00e9s par les autorit\u00e9s administratives.<\/p>\n<p>La pharmacie de la Foi, situ\u00e9e \u00e0 Odza dans la capitale camerounaise, a \u00e9t\u00e9 ferm\u00e9e pour une dur\u00e9e de 30 jours, avec pour motifs l\u2019absence de pharmaciens aux heures d\u2019ouverture et la vente de la chloroquine falsifi\u00e9e, sans autorisation, sans ordonnance et \u00e0 titre pr\u00e9ventif. C\u2019est la m\u00eame sanction \u00e9cop\u00e9e par la pharmacie Bon berger, qui se trouve sur la nouvelle route Omnisport. Elle est accus\u00e9e de vendre de la chloroquine falsifi\u00e9e sans autorisation et son approvisionnement se fait chez un fournisseur non agr\u00e9\u00e9.<\/p>\n<p>S\u2019agissant des cabinets de soins, notamment Saint Etienne et Horizon sant\u00e9, situ\u00e9s respectivement \u00e0 Biyem-Assi et \u00e0 Mont\u00e9e Jouvence, ils \u00e9copent de la sentence maximale\u00a0: fermeture d\u00e9finitive. La lourde sanction se justifie par le fait que les deux cabinets exer\u00e7aient, de mani\u00e8re ill\u00e9gale, l\u2019activit\u00e9 de pharmacie (commercialisation de m\u00e9dicaments)\u00a0; et en plus, ils vendaient de la chloroquine falsifi\u00e9e, sans autorisation.<\/p>\n<p>Notons que depuis la circulaire du 23 mars, le ministre de la Sant\u00e9 publique faisait d\u00e9j\u00e0 le constat que certains professionnels de sant\u00e9 conseillent ou prescrivent de la chloroquine aux populations \u00e0 titre pr\u00e9ventif contre le Coronavirus.<\/p>\n<p>Il faut dire qu\u2019avec la crise sanitaire actuelle qui s\u2019s\u00e9vit au Cameroun et dans le monde, Manaouda Malachie a lanc\u00e9, de concert avec le ministre du Commerce Luc Magloire Mbarga Atangana, une vaste campagne de r\u00e9pression aupr\u00e8s des \u00e9tablissements sanitaires, toujours dans le cadre de la lutte contre le Coronavirus. Le 10 avril d\u00e9j\u00e0, Manaouda Malachie sanctionnait quatre autres pharmacies de Yaound\u00e9 avec pour motif la hausse des prix des masques de protection. Ceci \u00e0 la suite des plaintes des populations sur le sujet.<\/p>\n<div class=\"awac-wrapper awac widget posts-list-widget-13\">\n<h4 class=\"widget-title\">Recent Posts<\/h4>\n<\/div>\n<p>Auteur: EcoMatin<br \/>\n<a href=\"https:\/\/ecomatin.net\/covid-19-manaouda-malachie-ferme-des-pharmacies-et-cabinets-de-soins-medicaux\/\">Cliquez ici pour lire l&rsquo;article depuis sa source.<\/a><\/p>\n","protected":false},"excerpt":{"rendered":"<p>Le 8 avril, le ministre de la Sant\u00e9 publique Manaouda Malachie a dress\u00e9 une liste compos\u00e9e de deux pharmacies et deux cabinets de soins m\u00e9dicaux \u00e0 mettre sous scell\u00e9s par les autorit\u00e9s administratives. La pharmacie de la Foi, situ\u00e9e \u00e0 Odza dans la capitale camerounaise, a \u00e9t\u00e9 ferm\u00e9e pour une dur\u00e9e de 30 jours, avec [&hellip;]<\/p>\n","protected":false},"author":1969,"featured_media":0,"comment_status":"closed","ping_status":"closed","sticky":false,"template":"","format":"standard","meta":{"fifu_image_url":"","fifu_image_alt":"","footnotes":""},"categories":[82,78],"tags":[],"class_list":["post-82728","post","type-post","status-publish","format-standard","hentry","category-cameroun","category-economie"],"_links":{"self":[{"href":"https:\/\/linitiative.ca\/International\/wp-json\/wp\/v2\/posts\/82728","targetHints":{"allow":["GET"]}}],"collection":[{"href":"https:\/\/linitiative.ca\/International\/wp-json\/wp\/v2\/posts"}],"about":[{"href":"https:\/\/linitiative.ca\/International\/wp-json\/wp\/v2\/types\/post"}],"author":[{"embeddable":true,"href":"https:\/\/linitiative.ca\/International\/wp-json\/wp\/v2\/users\/1969"}],"replies":[{"embeddable":true,"href":"https:\/\/linitiative.ca\/International\/wp-json\/wp\/v2\/comments?post=82728"}],"version-history":[{"count":0,"href":"https:\/\/linitiative.ca\/International\/wp-json\/wp\/v2\/posts\/82728\/revisions"}],"wp:attachment":[{"href":"https:\/\/linitiative.ca\/International\/wp-json\/wp\/v2\/media?parent=82728"}],"wp:term":[{"taxonomy":"category","embeddable":true,"href":"https:\/\/linitiative.ca\/International\/wp-json\/wp\/v2\/categories?post=82728"},{"taxonomy":"post_tag","embeddable":true,"href":"https:\/\/linitiative.ca\/International\/wp-json\/wp\/v2\/tags?post=82728"}],"curies":[{"name":"wp","href":"https:\/\/api.w.org\/{rel}","templated":true}]}}