{"id":82730,"date":"2020-04-17T14:27:37","date_gmt":"2020-04-17T18:27:37","guid":{"rendered":"https:\/\/linitiative.ca\/International\/le-deconfinement-meme-progressif-ne-serait-pas-a-lordre-du-jour\/"},"modified":"2020-04-17T14:27:37","modified_gmt":"2020-04-17T18:27:37","slug":"le-deconfinement-meme-progressif-ne-serait-pas-a-lordre-du-jour","status":"publish","type":"post","link":"https:\/\/linitiative.ca\/International\/le-deconfinement-meme-progressif-ne-serait-pas-a-lordre-du-jour\/","title":{"rendered":"Le d\u00e9confinement, m\u00eame progressif, ne serait pas \u00e0 l\u2019ordre du jour"},"content":{"rendered":"<p class=\"has-text-color c2\"><strong>Durant cette semaine, les cas de contamination par le coronavirus Covid-19 ont pris une courbe ascendante avec l\u2019apparition de foyers \u00e0 Casablanca, F\u00e8s, Marrakech et Tanger. En d\u00e9pit de cette \u00e9volution, \u00abla situation \u00e9pid\u00e9miologique au Maroc est maitris\u00e9e \u00e0 ce stade\u00bb, a rassur\u00e9 le ministre de la sant\u00e9 devant la chambre des conseillers. Et d\u2019appeler \u00e0 la vigilance, car \u00abl\u2019\u00e9pid\u00e9mie peut redoubler d\u2019intensit\u00e9\u00bb.<\/strong><\/p>\n<p>Autant dire que le d\u00e9confinement, m\u00eame progressif, n\u2019est pas \u00e0 l\u2019ordre du jour. Tout porte donc \u00e0 croire que le Maroc prolongera l\u2019\u00e9tat d\u2019urgence sanitaire et de confinement g\u00e9n\u00e9ral. Ce qui plaide encore en faveur de cette prolongation est l\u2019atmosph\u00e8re du mois de Ramadan, qui devrait d\u00e9marrer au Maroc le jeudi 23 o\u00f9 le vendredi 24 avril. En fait, le mois sacr\u00e9 est marqu\u00e9 par plus de proximit\u00e9 sociale, d\u2019\u00e9change de visites familiales, de rupture de je\u00fbne en groupe, d\u2019affluence sur les souikas et les march\u00e9s.<\/p>\n<p>Ce qui favorise le risque de propagation du coronavirus. Autre facteur qui plaide \u00e9galement en faveur de la prolongation est l\u2019apparition des foyers de contamination dans certaines unit\u00e9s industrielles et grandes surfaces de vente. De plus, le nombre de cas contamin\u00e9s, qui est toujours sur une pente ascendante, a d\u00e9pass\u00e9 la barre de 2200. Sur ce nombre, seul 5% sont en r\u00e9animation, selon les d\u00e9clarations du ministre de la sant\u00e9, soit environ 400 patients.<\/p>\n<p>Ces cas critiques, selon certaines estimations, pourraient atteindre 15%, soit environ 1200 patients. En termes de disponibilit\u00e9 pour la prise en charge des cas confirm\u00e9s, le Maroc dispose de 1.826 lits de r\u00e9animation m\u00e9dicale et compte 987 m\u00e9decins sp\u00e9cialistes dans la r\u00e9animation et l\u2019anesth\u00e9sie. Ces param\u00e8tres plaident encore plus en faveur de la prolongation de l\u2019\u00e9tat d\u2019urgence sanitaire et de confinement g\u00e9n\u00e9ral. En Europe, la vigilance reste de mise.<\/p>\n<p>Dans l\u2019Hexagone, le pr\u00e9sident Emmanuel Macron a annonc\u00e9 un d\u00e9confinement progressif \u00e0 partir du 11 mai en France. En Italie, le Premier ministre transalpin Giuseppe Conte a annonc\u00e9 que la fin de la quarantaine telle qu\u2019elle est en place aujourd\u2019hui aura lieu le 4 mai. En Espagne, le bilan quotidien de la pand\u00e9mie de COVID-19 est reparti en baisse dans la p\u00e9ninsule ib\u00e9rique o\u00f9 le gouvernement commence \u00e0 \u00e9voquer la lev\u00e9e progressive d\u2019un des confinements les plus stricts d\u2019Europe.<\/p>\n<p class=\"c3\"><strong>B. Amenzou<\/strong><\/p>\n<p>Auteur: M&rsquo;hammed rahal<br \/>\n<a href=\"http:\/\/albayane.press.ma\/le-deconfinement-meme-progressif-ne-serait-pas-a-lordre-du-jour.html\">Cliquez ici pour lire l&rsquo;article depuis sa source.<\/a><\/p>\n","protected":false},"excerpt":{"rendered":"<p>Durant cette semaine, les cas de contamination par le coronavirus Covid-19 ont pris une courbe ascendante avec l\u2019apparition de foyers \u00e0 Casablanca, F\u00e8s, Marrakech et Tanger. En d\u00e9pit de cette \u00e9volution, \u00abla situation \u00e9pid\u00e9miologique au Maroc est maitris\u00e9e \u00e0 ce stade\u00bb, a rassur\u00e9 le ministre de la sant\u00e9 devant la chambre des conseillers. Et d\u2019appeler [&hellip;]<\/p>\n","protected":false},"author":1760,"featured_media":0,"comment_status":"closed","ping_status":"closed","sticky":false,"template":"","format":"standard","meta":{"fifu_image_url":"","fifu_image_alt":"","footnotes":""},"categories":[73,54],"tags":[],"class_list":["post-82730","post","type-post","status-publish","format-standard","hentry","category-actualite","category-maroc"],"_links":{"self":[{"href":"https:\/\/linitiative.ca\/International\/wp-json\/wp\/v2\/posts\/82730","targetHints":{"allow":["GET"]}}],"collection":[{"href":"https:\/\/linitiative.ca\/International\/wp-json\/wp\/v2\/posts"}],"about":[{"href":"https:\/\/linitiative.ca\/International\/wp-json\/wp\/v2\/types\/post"}],"author":[{"embeddable":true,"href":"https:\/\/linitiative.ca\/International\/wp-json\/wp\/v2\/users\/1760"}],"replies":[{"embeddable":true,"href":"https:\/\/linitiative.ca\/International\/wp-json\/wp\/v2\/comments?post=82730"}],"version-history":[{"count":0,"href":"https:\/\/linitiative.ca\/International\/wp-json\/wp\/v2\/posts\/82730\/revisions"}],"wp:attachment":[{"href":"https:\/\/linitiative.ca\/International\/wp-json\/wp\/v2\/media?parent=82730"}],"wp:term":[{"taxonomy":"category","embeddable":true,"href":"https:\/\/linitiative.ca\/International\/wp-json\/wp\/v2\/categories?post=82730"},{"taxonomy":"post_tag","embeddable":true,"href":"https:\/\/linitiative.ca\/International\/wp-json\/wp\/v2\/tags?post=82730"}],"curies":[{"name":"wp","href":"https:\/\/api.w.org\/{rel}","templated":true}]}}