{"id":82731,"date":"2020-04-17T14:47:07","date_gmt":"2020-04-17T18:47:07","guid":{"rendered":"https:\/\/linitiative.ca\/International\/serrer-la-vis-et-sevir-imperativement\/"},"modified":"2020-04-17T14:47:07","modified_gmt":"2020-04-17T18:47:07","slug":"serrer-la-vis-et-sevir-imperativement","status":"publish","type":"post","link":"https:\/\/linitiative.ca\/International\/serrer-la-vis-et-sevir-imperativement\/","title":{"rendered":"Serrer la vis et s\u00e9vir, imp\u00e9rativement!"},"content":{"rendered":"<p class=\"has-text-color has-vivid-red-color c2\"><strong>Gestes barri\u00e8res et confinement<\/strong><\/p>\n<p class=\"has-text-color c3\"><strong>Ce que l\u2019on craignait a fini par arriver. Ou presque. Depuis une semaine, les chiffres de la contagion montent. Substantiellement ! C\u2019est un motif de grande inqui\u00e9tude. Apr\u00e8s le premier cas de contagion locale, les experts marocains avaient tir\u00e9 la sonnette d\u2019alarme sur l\u2019indispensable respect absolu des r\u00e8gles d\u2019hygi\u00e8ne et de distanciation.<\/strong><\/p>\n<p>Deux jours apr\u00e8s, les pouvoirs publics ont encore anticip\u00e9 et d\u00e9cr\u00e9t\u00e9 le confinement, commun\u00e9ment appel\u00e9 l\u2019\u00e9tat d\u2019urgence sanitaire, avec de nombreux appels \u00e0 l\u2019observation des r\u00e8gles incontournables.<\/p>\n<p>Et si, globalement, l\u2019on peut dire qu\u2019une majorit\u00e9 \u00e9crasante de citoyennes et de citoyens respecte \u00e0 la lettre les consignes donn\u00e9es par les autorit\u00e9s sanitaires et publiques, des exceptions, qui ne doivent pas confirmer la r\u00e8gle, sont, h\u00e9las, observ\u00e9es dans des lieux publics, notamment dans les grandes surfaces et les march\u00e9s de quartiers.<\/p>\n<p>Les reportages photographiques, r\u00e9alis\u00e9s par les m\u00e9dias, notamment ceux de notre reporter-photographe,\u00a0 Akil Macao sur Al Bayane, d\u00e9montrent que le rel\u00e2chement et l\u2019insouciance sont pr\u00e9sents aussi bien dans les quartiers populaires que dans les grandes surfaces alimentaires.<\/p>\n<p>Et si, depuis la semaine qui vient de s\u2019\u00e9couler, le nombre des nouveaux cas d\u2019infection ne cesse d\u2019augmenter dans une proportion alarmante, c\u2019est justement que ni les gestes barri\u00e8res ni le confinement ne sont pas scrupuleusement respect\u00e9s.<\/p>\n<p>Ces dysfonctionnements sont visibles, h\u00e9las dans des lieux o\u00f9 les \u00abclasses\u00bb moyennes se ravitaillent en ces temps de pand\u00e9mie.\u00a0 Et pas seulement\u00a0 dans les quartiers p\u00e9riph\u00e9riques et populaires de Casablanca !<\/p>\n<p>Mais ni les uns ni les autres n\u2019ont d\u2019excuses pour continuer \u00e0 jouer avec des vies. Les leurs, en tant que contrevenants aux r\u00e8gles, et celles des autres.<\/p>\n<p>C\u2019est une responsabilit\u00e9 individuelle et collective.<\/p>\n<p>Mais face \u00e0 l\u2019ignorance voire l\u2019insouciance, les autorit\u00e9s publiques ont le devoir de serrer la vis. Et ce \u00e0 deux niveaux.<\/p>\n<p>Premi\u00e8rement, en ce qui concerne les entreprises et centres commerciaux autoris\u00e9s \u00e0 continuer \u00e0 avoir une activit\u00e9,\u00a0 il faudra une sensibilisation et un contr\u00f4le rigoureux face au laisser-aller qui court en ce moment pr\u00e9cis.<\/p>\n<p>Pour les march\u00e9s dans les quartiers populaires, il faudra faire preuve d\u2019une grande sensibilisation, puis, de r\u00e9pression des r\u00e9cidivistes et autres irresponsables.<\/p>\n<p>En d\u2019autres termes, la poursuite de l\u2019ouverture de ces entit\u00e9s commerciales et industrielles doit ob\u00e9ir \u00e0 l\u2019imp\u00e9ratif de l\u2019\u00e9tablissement d\u2019un cahier de charges pr\u00e9cis, dont l\u2019ossature est le respect rigoureux des gestes barri\u00e8res et des r\u00e8gles d\u2019hygi\u00e8ne et de distanciation, outre le port, obligatoire, du masque.<\/p>\n<p>Car il est aberrant de constater, sans aucune r\u00e9action des tenants des locaux, des personnes sans masque de protection!<\/p>\n<p>Avec la pr\u00e9sence, \u00e0 l\u2019entr\u00e9e, en plus des vigiles, de substances et produits de d\u00e9sinfection des mains (et des gans), en tant que grand moyen de transmission du virus, \u00e0 force de toucher les produits surtout emball\u00e9s\u2026<\/p>\n<p>Ils doivent \u00e9galement veiller \u00e0 \u00e9viter une grande pr\u00e9sence client\u00e8le, en fixant un nombre \u00e0 ne pas d\u00e9passer d\u00e8s le d\u00e9part, ajust\u00e9 \u00e0 chaque sortie de client. Voire la r\u00e9partition, \u00e0 l\u2019int\u00e9rieur, des clients \u00e0 travers les diff\u00e9rents rayons et \u00e9talages, de sorte \u00e0 ne pas se trouver, en grand nombre, au m\u00eame endroit. Cette pr\u00e9caution devra, en principe, \u00eatre observ\u00e9e par tout un chacun pour respecter la distanciation.<\/p>\n<p>Explicitons les dangers. L\u2019augmentation des cas d\u2019infection au covid-19 est due, certes, \u00e0 la disposition des tests en nombres suffisants dans les grandes r\u00e9gions, avec l\u2019association des CHU du pays \u00e0 la r\u00e9alisation des analyses, alors qu\u2019il y a dix jours seulement, trois institutions (deux \u00e0 Rabat et une \u00e0 Casablanca) \u00e9taient charg\u00e9es du d\u00e9pistage.<\/p>\n<p>A titre d\u2019exemple, les CHU des grandes villes ont permis, d\u2019une part, le soulagement des trois\u00a0 laboratoires agr\u00e9\u00e9s, et le gain de temps de transport des pr\u00e9l\u00e8vements effectu\u00e9s dans les r\u00e9gions lointaines (Oujda, Agadir, etc.). Heureusement que nos provinces sahariennes ne comptent que quelques cas et la gu\u00e9rison est au rendez-vous.<\/p>\n<p>Mais tous ces efforts, \u00e0 c\u00f4t\u00e9 d\u2019une pr\u00e9sence assidue, d\u00e9vou\u00e9e et efficace des corps soignants, risquent de s\u2019\u00e9vaporer si le reste de la machine de guerre ne suit pas.<\/p>\n<p>Autrement dit, il suffit de quelques maladresses et irresponsabilit\u00e9s pour casser cet effort et \u00aburiner dans le sable\u00bb comme dit le dicton marocain.<\/p>\n<p>Ceci est valable aussi bien pour des entreprises strat\u00e9giques, que pour toutes les marques commerciales, sans exception, ainsi que pour ce genre de cliniques en mal de publicit\u00e9 qui provoque une ru\u00e9e locale non maitris\u00e9e pour saluer des personnes gu\u00e9ries\u2026!<\/p>\n<p>Le directeur de l\u2019\u00e9pid\u00e9miologie, en scientifique, avait anticip\u00e9 avant la d\u00e9couverte du \u00abpot-aux-roses\u00bb (les personnes contamin\u00e9es dans les grandes surfaces, celle de l\u2019usine de Ain Sba\u00e2 et qui sait encore o\u00f9 ?), en parlant de foyers \u00abfamiliaux, commerciaux et industriels\u00bb.<\/p>\n<p>Il fallait y penser, avant de donner l\u2019autorisation, par exemple \u00e0 la soci\u00e9t\u00e9 devenue un cluster, avec plusieurs dizaines d\u2019ouvri\u00e8res contamin\u00e9es sans parler de centaines voire des milliers de leurs contacts et, \u00e9ventuellement, d\u2019autres contacts au second degr\u00e9\u2026<\/p>\n<p>Cela est parti d\u2019une personne \u00e0 l\u2019usine pour contaminer des dizaines de coll\u00e8gues qui, chacun \u00e0 son tour, a contamin\u00e9 sa famille, voire certaines connaissances ou contacts externes \u00e0 l\u2019usine et \u00e0 la famille.<\/p>\n<p>C\u2019est ainsi que la contagion se propage pour atteindre des familles, des voisins, des rues et des quartiers pour englober une ville.<\/p>\n<p>Et l\u2019on ne peut, au lieu de nous occuper des cas d\u00e9j\u00e0 existants \u00e0 en trouver d\u2019autres caus\u00e9s par une irresponsabilit\u00e9 imb\u00e9cile.<\/p>\n<p>Les politiques doivent r\u00e9agir et vite.<\/p>\n<p>C\u2019est pourquoi, la vigilance et la s\u00e9v\u00e9rit\u00e9 doivent \u00eatre de mise pour que plus personne ne d\u00e9roge \u00e0 la loi et que tous, sans exception, respectent les r\u00e8gles de l\u2019hygi\u00e8ne et du confinement.<\/p>\n<p>Les autorit\u00e9s publiques auraient d\u00fb r\u00e9agir imm\u00e9diatement pour parer \u00e0 tout d\u00e9rapage. Et il n\u2019y a plus \u00e0 attendre.<\/p>\n<p>C\u2019est la seule mani\u00e8re de stopper les effets ravageurs de la pand\u00e9mie, pour la vaincre ensuite.<\/p>\n<p class=\"c4\"><strong>Mohamed Khalil<\/strong><\/p>\n<p>Auteur: M&rsquo;hammed rahal<br \/>\n<a href=\"http:\/\/albayane.press.ma\/serrer-la-vis-et-sevir-imperativement.html\">Cliquez ici pour lire l&rsquo;article depuis sa source.<\/a><\/p>\n","protected":false},"excerpt":{"rendered":"<p>Gestes barri\u00e8res et confinement Ce que l\u2019on craignait a fini par arriver. Ou presque. Depuis une semaine, les chiffres de la contagion montent. Substantiellement ! C\u2019est un motif de grande inqui\u00e9tude. Apr\u00e8s le premier cas de contagion locale, les experts marocains avaient tir\u00e9 la sonnette d\u2019alarme sur l\u2019indispensable respect absolu des r\u00e8gles d\u2019hygi\u00e8ne et de [&hellip;]<\/p>\n","protected":false},"author":1760,"featured_media":0,"comment_status":"closed","ping_status":"closed","sticky":false,"template":"","format":"standard","meta":{"fifu_image_url":"","fifu_image_alt":"","footnotes":""},"categories":[73,54],"tags":[],"class_list":["post-82731","post","type-post","status-publish","format-standard","hentry","category-actualite","category-maroc"],"_links":{"self":[{"href":"https:\/\/linitiative.ca\/International\/wp-json\/wp\/v2\/posts\/82731","targetHints":{"allow":["GET"]}}],"collection":[{"href":"https:\/\/linitiative.ca\/International\/wp-json\/wp\/v2\/posts"}],"about":[{"href":"https:\/\/linitiative.ca\/International\/wp-json\/wp\/v2\/types\/post"}],"author":[{"embeddable":true,"href":"https:\/\/linitiative.ca\/International\/wp-json\/wp\/v2\/users\/1760"}],"replies":[{"embeddable":true,"href":"https:\/\/linitiative.ca\/International\/wp-json\/wp\/v2\/comments?post=82731"}],"version-history":[{"count":0,"href":"https:\/\/linitiative.ca\/International\/wp-json\/wp\/v2\/posts\/82731\/revisions"}],"wp:attachment":[{"href":"https:\/\/linitiative.ca\/International\/wp-json\/wp\/v2\/media?parent=82731"}],"wp:term":[{"taxonomy":"category","embeddable":true,"href":"https:\/\/linitiative.ca\/International\/wp-json\/wp\/v2\/categories?post=82731"},{"taxonomy":"post_tag","embeddable":true,"href":"https:\/\/linitiative.ca\/International\/wp-json\/wp\/v2\/tags?post=82731"}],"curies":[{"name":"wp","href":"https:\/\/api.w.org\/{rel}","templated":true}]}}