{"id":82732,"date":"2020-04-17T14:54:27","date_gmt":"2020-04-17T18:54:27","guid":{"rendered":"https:\/\/linitiative.ca\/International\/%ef%bb%bfles-masques-de-la-discorde\/"},"modified":"2020-04-17T14:54:27","modified_gmt":"2020-04-17T18:54:27","slug":"%ef%bb%bfles-masques-de-la-discorde","status":"publish","type":"post","link":"https:\/\/linitiative.ca\/International\/%ef%bb%bfles-masques-de-la-discorde\/","title":{"rendered":"\ufeffLes masques de la discorde"},"content":{"rendered":"<p class=\"has-text-color has-vivid-red-color c2\"><strong>Les pharmaciens appellent \u00e0 une r\u00e9gulation de la distribution<\/strong><\/p>\n<p class=\"c3\"><strong>Najib Amrani<\/strong><\/p>\n<p class=\"has-text-color has-background has-very-light-gray-background-color c4\"><strong>Depuis le d\u00e9but de la pand\u00e9mie, la bien-pensance a fait des ravages sur les r\u00e9seaux et sur certains m\u00e9dias d\u00e9livrant, \u00e0 l\u2019emporte-pi\u00e8ce, des notes d\u2019\u00e9valuation en mati\u00e8re de patriotisme, de nationalisme, d\u2019engagement citoyen et bien d\u2019autres disciplines des sciences de la subjectivit\u00e9.<\/strong><\/p>\n<p>Politiques, m\u00e9decins, enseignants, artistes, sportifs et autres c\u00e9l\u00e9brit\u00e9s sont pass\u00e9s \u00e0 la caisse dans ce march\u00e9 du populisme nihiliste. Les pharmaciens\u00a0 n\u2019ont pas \u00e9t\u00e9 \u00e9pargn\u00e9s par cette f\u00e2cheuse tendance. Ils ont \u00e9t\u00e9 accus\u00e9s \u00e0 tort de sp\u00e9culations sur la vente des masques de protection, depuis la d\u00e9cision du gouvernement de rendre le port des masques obligatoire et les annonces, un peu pr\u00e9cipit\u00e9es du ministre de l\u2019Industrie, promettant une production suffisante en masque et une commercialisation \u00e0 grande \u00e9chelle dans les grandes surfaces, les commerces de proximit\u00e9 et les pharmacies au prix populaires de 80 centimes de dirhams.<\/p>\n<p>Pris d\u2019assaut, les pharmaciens peinaient \u00e0 convaincre les citoyens que les masques promis par EL Alamy ne sont pas encore disponibles. Ils ne le sont pas d\u2019ailleurs dans les grandes surfaces ni chez l\u2019\u00e9picier du coin. Le b\u00e9mol, c\u2019est que les officines disposaient de stocks de masques destin\u00e9s aux professionnels\u00a0 qu\u2019elles proposaient aux grands publics \u00e0 des prix variant entre 8 et 99 dhs,\u00a0 qui sont en r\u00e9alit\u00e9, les prix du march\u00e9 bien avant l\u2019av\u00e8nement de la pand\u00e9mie.<\/p>\n<p>Pris au d\u00e9pourvu par l\u2019obligation du port du masque et induit en erreur par une communication d\u00e9faillante du d\u00e9partement de l\u2019Industrie, les citoyens refusaient d\u2019y croire. Ils r\u00e9clament les masques premium aux prix fix\u00e9s par le minist\u00e8re. Requ\u00eate\u00a0 \u00e0 laquelle les pharmaciens ne pouvaient r\u00e9pondre. D\u2019o\u00f9 les accusations farfelues, r\u00e9p\u00e9t\u00e9es \u00e7a et l\u00e0 par certains internautes et, malheureusement par certains m\u00e9dias mal inspir\u00e9s et mal inform\u00e9s.<\/p>\n<p>Dans une lettre adress\u00e9e \u00e0 Al Bayane, Dr Samir Osman, pharmacien d\u2019officine, r\u00e9agissant\u00a0 \u00e0 ces accusations gratuites diffus\u00e9es par une certaine presse pr\u00e9tendant \u00abque les pharmacies ne vendaient pas de masques de protection \u00e0 cause de leur faible marge de gain en affichant \u00abpas de masques disponibles\u00bb, indique \u00abqu\u2019il y a un r\u00e9el probl\u00e8me national et mondial de stocks de masques et que ceux-ci\u00a0 ne sont toujours pas disponibles \u00e0 ce jour dans les pharmacies, apr\u00e8s avoir \u00e9t\u00e9 boud\u00e9s par les \u00e9piciers, les moyennes et grandes surfaces\u00bb. Il tient \u00e0 cet \u00e9gard \u00e0 rappeler que \u00abdurant cette pand\u00e9mie, le pharmacien est au front 7j\/7 et 24h\/24 pour r\u00e9pondre \u00e0 la maladie et \u00e0 l\u2019angoisse des malades\u00bb.<\/p>\n<p>De son c\u00f4t\u00e9, Dr Souad Motaouakkil, pr\u00e9sidente CRPOS (Conseil r\u00e9gional des pharmaciens d\u2019officine du Sud), a annonc\u00e9, \u00e0 l\u2019attention de ses cons\u0153urs et confr\u00e8res, que le Conseil est en discussion avec les minist\u00e8res de l\u2019Industrie et de la Sant\u00e9 pour que \u00abla vente des masques FFP2 destin\u00e9s uniquement aux professionnels de la sant\u00e9, soient effectu\u00e9e exclusivement par les pharmaciens, pour, ajoute-t-elle, une meilleure ma\u00eetrise du stock et du prix en \u00e9vitant les interm\u00e9diaires sp\u00e9culateurs\u00bb.<\/p>\n<p>En ce qui concerne les bavettes en tissu, Dr Motaouakkil, ajoute que \u00ab dans un premier temps, les pharmaciens recevront\u00a0 5 boites de 10 bavettes par grossiste par pharmacie \u00bb. Le minist\u00e8re de l\u2019Industrie aurait assur\u00e9 au CRPOS que le minimum a \u00e9t\u00e9 fix\u00e9 \u00e0 16 boites par pharmacie.<\/p>\n<p>D\u00e8s la semaine prochaine, ajoure Dr Motaouakkil \u00abtoute la production va \u00eatre exclusivement vendue en pharmacie\u00bb. Elle appelle, \u00e0 cet \u00e9gard, les grossistes \u00e0 disposer du \u00abstock n\u00e9cessaire et suffisant pour toutes les pharmacies et d\u2019assurer une distribution \u00e9quitable\u00bb.<\/p>\n<p>Le CRPOS est \u00e9galement en n\u00e9gociation avec les d\u00e9partements concern\u00e9s pour que la vente des bavettes en tissu se fasse \u00e9galement au niveau des pharmacies exclusivement. Elle justifie cette proposition par le souci d\u2019hygi\u00e8ne\u00bb.<\/p>\n<p>Dr Motaouakkil\u00a0 assure enfin que \u00abtoute la profession se bat pour l\u2019int\u00e9r\u00eat du citoyen et soutient les efforts des autorit\u00e9s publiques sous la conduite \u00e9clair\u00e9e de S.M le Roi\u00bb.<\/p>\n<p>Auteur: M&rsquo;hammed rahal<br \/>\n<a href=\"http:\/\/albayane.press.ma\/%EF%BB%BFles-masques-de-la-discorde.html\">Cliquez ici pour lire l&rsquo;article depuis sa source.<\/a><\/p>\n","protected":false},"excerpt":{"rendered":"<p>Les pharmaciens appellent \u00e0 une r\u00e9gulation de la distribution Najib Amrani Depuis le d\u00e9but de la pand\u00e9mie, la bien-pensance a fait des ravages sur les r\u00e9seaux et sur certains m\u00e9dias d\u00e9livrant, \u00e0 l\u2019emporte-pi\u00e8ce, des notes d\u2019\u00e9valuation en mati\u00e8re de patriotisme, de nationalisme, d\u2019engagement citoyen et bien d\u2019autres disciplines des sciences de la subjectivit\u00e9. Politiques, m\u00e9decins, [&hellip;]<\/p>\n","protected":false},"author":1760,"featured_media":0,"comment_status":"closed","ping_status":"closed","sticky":false,"template":"","format":"standard","meta":{"fifu_image_url":"","fifu_image_alt":"","footnotes":""},"categories":[73,54],"tags":[],"class_list":["post-82732","post","type-post","status-publish","format-standard","hentry","category-actualite","category-maroc"],"_links":{"self":[{"href":"https:\/\/linitiative.ca\/International\/wp-json\/wp\/v2\/posts\/82732","targetHints":{"allow":["GET"]}}],"collection":[{"href":"https:\/\/linitiative.ca\/International\/wp-json\/wp\/v2\/posts"}],"about":[{"href":"https:\/\/linitiative.ca\/International\/wp-json\/wp\/v2\/types\/post"}],"author":[{"embeddable":true,"href":"https:\/\/linitiative.ca\/International\/wp-json\/wp\/v2\/users\/1760"}],"replies":[{"embeddable":true,"href":"https:\/\/linitiative.ca\/International\/wp-json\/wp\/v2\/comments?post=82732"}],"version-history":[{"count":0,"href":"https:\/\/linitiative.ca\/International\/wp-json\/wp\/v2\/posts\/82732\/revisions"}],"wp:attachment":[{"href":"https:\/\/linitiative.ca\/International\/wp-json\/wp\/v2\/media?parent=82732"}],"wp:term":[{"taxonomy":"category","embeddable":true,"href":"https:\/\/linitiative.ca\/International\/wp-json\/wp\/v2\/categories?post=82732"},{"taxonomy":"post_tag","embeddable":true,"href":"https:\/\/linitiative.ca\/International\/wp-json\/wp\/v2\/tags?post=82732"}],"curies":[{"name":"wp","href":"https:\/\/api.w.org\/{rel}","templated":true}]}}