{"id":82734,"date":"2020-04-18T03:25:29","date_gmt":"2020-04-18T07:25:29","guid":{"rendered":"https:\/\/linitiative.ca\/International\/nba-afrique-cette-semaine\/"},"modified":"2020-04-18T03:25:29","modified_gmt":"2020-04-18T07:25:29","slug":"nba-afrique-cette-semaine","status":"publish","type":"post","link":"https:\/\/linitiative.ca\/International\/nba-afrique-cette-semaine\/","title":{"rendered":"NBA Afrique cette semaine"},"content":{"rendered":"<table class=\"c2\">\n<tbody>\n<tr>\n<td\/>\n<\/tr>\n<tr>\n<td><strong><em>Le champion de la NBA 2019 avec les Raptors de Toronto, Serge Ibaka, sera la vedette sur Instagram Live \u00e0 21:00 CAT CE SOIR dans le cadre de l\u2019initiative NBA Together Live<\/em><\/strong><\/td>\n<\/tr>\n<tr>\n<td>JOHANNESBURG,\u00a0Afrique du Sud, 18\u00a0avril 2020\/ \u2014\u00a0<strong><em>NBA Together Live<\/em><\/strong><em>\u00a0fait partie de la\u00a0<\/em><a href=\"https:\/\/www.nba.com\/article\/2020\/03\/20\/nba-launches-nba-together-campaign\" data-saferedirecturl=\"https:\/\/www.google.com\/url?q=https:\/\/www.nba.com\/article\/2020\/03\/20\/nba-launches-nba-together-campaign&amp;source=gmail&amp;ust=1587280192036000&amp;usg=AFQjCNH92V-Q8QP89XPiU87h56RYoYhtbQ\"><em>campagne NBA Together<\/em><\/a>\u00a0<em>(<a href=\"https:\/\/on.nba.com\/2Uf8GWE\" data-saferedirecturl=\"https:\/\/www.google.com\/url?q=https:\/\/on.nba.com\/2Uf8GWE&amp;source=gmail&amp;ust=1587280192036000&amp;usg=AFQjCNEp74kSkGZ8KExPjN6YEgUdP-R7nw\">https:\/\/on.nba.com\/2Uf8GWE<\/a>), qui met \u00e0 l\u2019honneur un ambassadeur de la famille de la NBA chaque jour de la semaine \u00e0 21h00 CAT et 22h00 CAT, dans le cadre d\u2019une interview en direct ou de questions pos\u00e9es par les fans sur le compte Instagram de la NBA ou sur Twitter.\u00a0En outre, la NBA diffuse chaque soir des matchs classiques en continu sur les plateformes sociales de la NBA, notamment Twitter, Facebook, YouTube et Twitch.<\/em><\/p>\n<p><em>\u00a0<\/em><\/p>\n<p><strong><u>#BALTogether<\/u><\/strong><\/p>\n<p>La nouvelle initiative\u00a0<strong>#BALTogether<\/strong>\u00a0a \u00e9t\u00e9 pr\u00e9sent\u00e9e cette semaine sur les plateformes de r\u00e9seaux sociaux de la Basketball Africa League (<a href=\"https:\/\/www.instagram.com\/thebal\/\" data-saferedirecturl=\"https:\/\/www.google.com\/url?q=https:\/\/www.instagram.com\/thebal\/&amp;source=gmail&amp;ust=1587280192036000&amp;usg=AFQjCNGDz60DktTqN2ab2IDCWpVxCFtfig\">@theBAL<\/a>) :\u00a0<a href=\"https:\/\/twitter.com\/theBAL\/status\/1248687029661184000\" data-saferedirecturl=\"https:\/\/www.google.com\/url?q=https:\/\/twitter.com\/theBAL\/status\/1248687029661184000&amp;source=gmail&amp;ust=1587280192036000&amp;usg=AFQjCNGO_wXK6nallxCS0-sCrYSHG49OKw\"><strong>Pops Mensah-Bonsu<\/strong><\/a>\u00a0(<a href=\"https:\/\/bit.ly\/3cpkrA7\" data-saferedirecturl=\"https:\/\/www.google.com\/url?q=https:\/\/bit.ly\/3cpkrA7&amp;source=gmail&amp;ust=1587280192036000&amp;usg=AFQjCNGux6N9T813FNEut-aPeq4ujShbsg\">https:\/\/bit.ly\/3cpkrA7<\/a>)\u00a0(Royaume-Uni\/Ghana), ancien joueur de la NBA et directeur g\u00e9n\u00e9ral des Capital City Go-Go de la NBA G League,\u00a0<a href=\"https:\/\/twitter.com\/theBAL\/status\/1249352046295351296\" data-saferedirecturl=\"https:\/\/www.google.com\/url?q=https:\/\/twitter.com\/theBAL\/status\/1249352046295351296&amp;source=gmail&amp;ust=1587280192036000&amp;usg=AFQjCNFB-kllEHMosBH0ghMsVz74ue2cXQ\"><strong>Boniface Ndong<\/strong><\/a>\u00a0(<a href=\"https:\/\/bit.ly\/3bl2x15\" data-saferedirecturl=\"https:\/\/www.google.com\/url?q=https:\/\/bit.ly\/3bl2x15&amp;source=gmail&amp;ust=1587280192036000&amp;usg=AFQjCNHyW2f2S4k7I1TCxFC-emPhCZG49g\">https:\/\/bit.ly\/3bl2x15<\/a>)\u00a0(S\u00e9n\u00e9gal), ancien joueur de la NBA et\u00a0<a href=\"https:\/\/twitter.com\/theBAL\/status\/1250077527898546186\" data-saferedirecturl=\"https:\/\/www.google.com\/url?q=https:\/\/twitter.com\/theBAL\/status\/1250077527898546186&amp;source=gmail&amp;ust=1587280192036000&amp;usg=AFQjCNHcPGvJpxIP6SE-G_bhhBKREMLE5Q\"><strong>Hamchetou Maiga-Ba<\/strong><\/a>\u00a0(<a href=\"https:\/\/bit.ly\/2VGBRBx\" data-saferedirecturl=\"https:\/\/www.google.com\/url?q=https:\/\/bit.ly\/2VGBRBx&amp;source=gmail&amp;ust=1587280192036000&amp;usg=AFQjCNG3vfKebHELmXGS9RCNSur4KSE5FQ\">https:\/\/bit.ly\/2VGBRBx<\/a>)\u00a0(Mali), ancien joueur de la WNBA et champion d\u2019Afrique 2007 de la FIBA, ainsi que\u00a0<a href=\"https:\/\/twitter.com\/theBAL\/status\/1250851448365121537\" data-saferedirecturl=\"https:\/\/www.google.com\/url?q=https:\/\/twitter.com\/theBAL\/status\/1250851448365121537&amp;source=gmail&amp;ust=1587280192036000&amp;usg=AFQjCNHdbgYE7sCOyByUJ4lOBXCP0W_qdw\"><strong>Patrick Mutombo<\/strong><\/a>\u00a0(<a href=\"https:\/\/bit.ly\/2VFRyIW\" data-saferedirecturl=\"https:\/\/www.google.com\/url?q=https:\/\/bit.ly\/2VFRyIW&amp;source=gmail&amp;ust=1587280192036000&amp;usg=AFQjCNFo6wLIqAglHFpO51-J_T2GchL8_w\">https:\/\/bit.ly\/2VFRyIW<\/a>)\u00a0(RDC), entra\u00eeneur adjoint des Raptors de Toronto.<\/p>\n<p>Inspir\u00e9e par l\u2019initiative NBA Together, la Basketball Africa League a lanc\u00e9<strong>\u00a0#BALTogether<\/strong>, une campagne d\u2019engagement social qui mettra en vedette des ambassadeurs des familles NBA Africa et BAL, qui s\u2019engageront aupr\u00e8s des fans de tout le continent par le biais d\u2019une s\u00e9rie de messages d\u2019int\u00e9r\u00eat public et de d\u00e9monstrations de comp\u00e9tences individuelles en basket-ball.<\/p>\n<p><strong>Luol Deng et Pops Mensah-Bonsu sont de retour sur Instagram Live CE SOIR :<\/strong>\u00a0Les anciens joueurs de la NBA Luol Deng et Pops Mensah-Bonsu poursuivront leurs discussions sur Instagram Live ce soir, de retour sur la plateforme des r\u00e9seaux sociaux pour parler du d\u00e9veloppement du basket-ball en Afrique et r\u00e9pondre aux questions des fans. La session de chat sera diffus\u00e9e en continu sur Instagram Live (<a href=\"https:\/\/www.instagram.com\/popsmbonsu\/\" data-saferedirecturl=\"https:\/\/www.google.com\/url?q=https:\/\/www.instagram.com\/popsmbonsu\/&amp;source=gmail&amp;ust=1587280192036000&amp;usg=AFQjCNFz8aTBenFRyJXDgpX4Z1DJloYYZw\">@Pops<\/a>\u00a0et\u00a0<a href=\"https:\/\/www.instagram.com\/luoldeng9\/\" data-saferedirecturl=\"https:\/\/www.google.com\/url?q=https:\/\/www.instagram.com\/luoldeng9\/&amp;source=gmail&amp;ust=1587280192036000&amp;usg=AFQjCNEW9KbiX9IHZcZI6DSTFmSBLI-KFA\">@luoldeng9<\/a>) \u00e0 21h00 ce soir.<\/p>\n<p>Hier soir, le Monumental Sports Network a diffus\u00e9 le documentaire\u00a0<a href=\"https:\/\/www.facebook.com\/MonSportsNet\/videos\/512708239396905\/\" data-saferedirecturl=\"https:\/\/www.google.com\/url?q=https:\/\/www.facebook.com\/MonSportsNet\/videos\/512708239396905\/&amp;source=gmail&amp;ust=1587280192036000&amp;usg=AFQjCNFbumlX_UbyvMTUGNjk6XTniI6Qbw\">\u00ab\u00a0No Mercy :<\/a><a href=\"https:\/\/www.facebook.com\/MonSportsNet\/videos\/512708239396905\/\" data-saferedirecturl=\"https:\/\/www.google.com\/url?q=https:\/\/www.facebook.com\/MonSportsNet\/videos\/512708239396905\/&amp;source=gmail&amp;ust=1587280192036000&amp;usg=AFQjCNFbumlX_UbyvMTUGNjk6XTniI6Qbw\">\u00a0The Pops Mensah-Bonsu Journey\u00a0\u00bb<\/a>\u00a0(<a href=\"https:\/\/bit.ly\/3eu5L4t\" data-saferedirecturl=\"https:\/\/www.google.com\/url?q=https:\/\/bit.ly\/3eu5L4t&amp;source=gmail&amp;ust=1587280192036000&amp;usg=AFQjCNGezTsaJMyrugR8nuzln6IRRVfKjQ\">https:\/\/bit.ly\/3eu5L4t<\/a>). Le documentaire retrace le parcours de Mensah-Bonsu dans le monde du basket-ball, depuis ses d\u00e9buts \u00e0 Londres, sa carri\u00e8re professionnelle, les Jeux olympiques de 2012 et son r\u00f4le actuel au sein du Capital City Go-Go.<\/p>\n<p>Gorgui Dieng (S\u00e9n\u00e9gal) des Minnesota Timberwolves s\u2019est joint \u00e0 la lutte contre la COVID-19 avec la Fondation Gorgui Dieng qui fournit des \u00e9quipements de protection et des kits de repas aux travailleurs de la sant\u00e9 au S\u00e9n\u00e9gal. Il est intervenu en d\u00e9but de semaine sur\u00a0<a href=\"http:\/\/www.fiba.basketball\/news\/senegals-gorgui-dieng-joins-fight-against-covid-19\" data-saferedirecturl=\"https:\/\/www.google.com\/url?q=http:\/\/www.fiba.basketball\/news\/senegals-gorgui-dieng-joins-fight-against-covid-19&amp;source=gmail&amp;ust=1587280192036000&amp;usg=AFQjCNHCyEdgzwXC25possaQmqkegK6GEQ\">FIBA.basketball<\/a>\u00a0(<a href=\"https:\/\/bit.ly\/2Vj1V6Q\" data-saferedirecturl=\"https:\/\/www.google.com\/url?q=https:\/\/bit.ly\/2Vj1V6Q&amp;source=gmail&amp;ust=1587280192036000&amp;usg=AFQjCNESqa7raV8sEIcAyW00JMA8Mvit9g\">https:\/\/bit.ly\/2Vj1V6Q<\/a>)\u00a0:<\/p>\n<p><em>\u00ab\u00a0J\u2019ai la chance d\u2019\u00eatre un influenceur pour des tas de gens, surtout au S\u00e9n\u00e9gal. Cela implique aussi la responsabilit\u00e9 de faire ce qui est juste et d\u2019aider les moins chanceux. Il est imp\u00e9ratif que je donne l\u2019exemple en ces temps incertains et difficiles.\u00a0\u00bb<\/em><\/p>\n<p>Le centre de Charlotte Hornets, Bismack Biyombo (RDC),\u00a0a fait don d\u2019un million de dollars en masques chirurgicaux et en combinaisons pour mati\u00e8res dangereuses par le biais de son association caritative \u00e0 sa R\u00e9publique d\u00e9mocratique du Congo natale. S\u2019adressant \u00e0\u00a0<a href=\"https:\/\/www.afp.com\/en\/news\/831\/hornets-biyombo-donates-covid-19-supplies-dr-congo-doc-1qm5rd1\" data-saferedirecturl=\"https:\/\/www.google.com\/url?q=https:\/\/www.afp.com\/en\/news\/831\/hornets-biyombo-donates-covid-19-supplies-dr-congo-doc-1qm5rd1&amp;source=gmail&amp;ust=1587280192036000&amp;usg=AFQjCNHtgA-Jhz-GJ5GhnFTfLpmwq8h56A\">l\u2019AFP<\/a>\u00a0(<a href=\"https:\/\/bit.ly\/2yoCzvj\" data-saferedirecturl=\"https:\/\/www.google.com\/url?q=https:\/\/bit.ly\/2yoCzvj&amp;source=gmail&amp;ust=1587280192036000&amp;usg=AFQjCNFpFuAr21--oRcnr-eRIjqaquWCyw\">https:\/\/bit.ly\/2yoCzvj<\/a>), M. Biyombo a d\u00e9clar\u00e9 :<\/p>\n<p><em>\u00ab<\/em><em>\u00a0J\u2019ai pass\u00e9 ces derni\u00e8res semaines \u00e0 essayer de trouver un moyen d\u2019aider ceux qui souffrent en RDC. Je suis heureux d\u2019annoncer que la Fondation Bismack Biyombo a livr\u00e9 cette semaine plus de 10 000 masques et 780 combinaisons pour mati\u00e8res dangereuses \u00e0 la RDC. Merci \u00e0 tous ceux qui sont en premi\u00e8re ligne de la pand\u00e9mie COVID-19.\u00a0\u00bb<\/em><\/p>\n<p>L\u2019espoir de la\u00a0<strong>NBA Academy Africa<\/strong>, Nelly Junior Joseph (Nigeria),\u00a0<a href=\"https:\/\/icgaels.com\/news\/2020\/4\/16\/mens-basketball-iona-MBB-announces-recruiting-class-for-2020-21-season.aspx\" data-saferedirecturl=\"https:\/\/www.google.com\/url?q=https:\/\/icgaels.com\/news\/2020\/4\/16\/mens-basketball-iona-MBB-announces-recruiting-class-for-2020-21-season.aspx&amp;source=gmail&amp;ust=1587280192037000&amp;usg=AFQjCNFd0ICjKwVPc_PEKp0G0gm2AAL__w\">s\u2019est officiellement engag\u00e9 au Iona College<\/a>\u00a0(<a href=\"https:\/\/bit.ly\/2Vj6iik\" data-saferedirecturl=\"https:\/\/www.google.com\/url?q=https:\/\/bit.ly\/2Vj6iik&amp;source=gmail&amp;ust=1587280192037000&amp;usg=AFQjCNEe9M-AYNhkJrNZ_yn4pRVZgbck9w\">https:\/\/bit.ly\/2Vj6iik<\/a>), un programme D-1 de la NCAA \u00e0 New Rochelle, New York, o\u00f9 il jouera pour l\u2019entra\u00eeneur Rick Pitino.<\/p>\n<p>Par ailleurs, la\u00a0<a href=\"https:\/\/twitter.com\/EKUHoops\/status\/1250830025332592642\" data-saferedirecturl=\"https:\/\/www.google.com\/url?q=https:\/\/twitter.com\/EKUHoops\/status\/1250830025332592642&amp;source=gmail&amp;ust=1587280192037000&amp;usg=AFQjCNGyZWKdfPUe66qIG_QRW1LNBeViPA\">Eastern Kentucky University<\/a>\u00a0(<a href=\"https:\/\/bit.ly\/2KbLz9Ca\" data-saferedirecturl=\"https:\/\/www.google.com\/url?q=https:\/\/bit.ly\/2KbLz9Ca&amp;source=gmail&amp;ust=1587280192037000&amp;usg=AFQjCNG7iw0TY5SH4kPoKsLNlZ1-jWS3QQ\">https:\/\/bit.ly\/2KbLz9Ca<\/a>)\u00a0annonc\u00e9 que\u00a0<strong>Cheikh Faye<\/strong>\u00a0(S\u00e9n\u00e9gal), dipl\u00f4m\u00e9 de la\u00a0<strong>NBA Academy Africa<\/strong>, rejoindra son \u00e9quipe de basket-ball du Chipola Junior College.<\/p>\n<p>Au total, six dauphins de la NBA Academy Africa se sont engag\u00e9s dans des \u00e9coles de division 1 aux \u00c9tats-Unis.<\/p>\n<p>Rendez-vous sur\u00a0<a href=\"https:\/\/twitter.com\/NBA_Africa\" data-saferedirecturl=\"https:\/\/www.google.com\/url?q=https:\/\/twitter.com\/NBA_Africa&amp;source=gmail&amp;ust=1587280192037000&amp;usg=AFQjCNGZZxAaQ5F_0BC858zF10eTtoi3Nw\">https:\/\/twitter.com\/NBA_Africa<\/a>\u00a0et\u00a0<a href=\"https:\/\/www.facebook.com\/NBAAfrica\/\" data-saferedirecturl=\"https:\/\/www.google.com\/url?q=https:\/\/www.facebook.com\/NBAAfrica\/&amp;source=gmail&amp;ust=1587280192037000&amp;usg=AFQjCNGx8Cr-tKXgaNUpz-Aw4PhSINzfvQ\">https:\/\/www.facebook.com\/NBAAfrica\/<\/a>\u00a0pour toutes les nouvelles et les mises \u00e0 jour.<\/p>\n<p><em>Distribu\u00e9 par APO Group pour\u00a0National Basketball Association (NBA).<\/em><\/p>\n<p class=\"c1\"><strong>SOURCE<\/strong><br \/>National Basketball Association (NBA)<\/p>\n<\/td>\n<\/tr>\n<\/tbody>\n<\/table>\n<div class=\"wp-post-author-wrap wp-post-author-shortcode left\">\n<h3 class=\"awpa-title\"\/>\n<div class=\"wp-post-author\">\n<div class=\"awpa-img awpa-author-block square\"><a href=\"http:\/\/lexpertjournal.net\/fr\/?author=5\"><img loading=\"lazy\" decoding=\"async\" alt=\"\" src=\"http:\/\/0.gravatar.com\/avatar\/97f8e10a1c1125ba104a76514ee07b16?s=150&amp;d=mm&amp;r=g\" srcset=\"http:\/\/0.gravatar.com\/avatar\/97f8e10a1c1125ba104a76514ee07b16?s=300&amp;d=mm&amp;r=g 2x\" class=\"avatar avatar-150 photo\" height=\"150\" width=\"150\"\/><\/a><\/div>\n<\/div>\n<\/div>\n<aside class=\"mashsb-container mashsb-main mashsb-stretched\">\n<\/aside>\n<p>Auteur: L&rsquo;expert<br \/>\n<a href=\"http:\/\/lexpertjournal.net\/fr\/?p=14060\">Cliquez ici pour lire l&rsquo;article depuis sa source.<\/a><\/p>\n","protected":false},"excerpt":{"rendered":"<p>Le champion de la NBA 2019 avec les Raptors de Toronto, Serge Ibaka, sera la vedette sur Instagram Live \u00e0 21:00 CAT CE SOIR dans le cadre de l\u2019initiative NBA Together Live JOHANNESBURG,\u00a0Afrique du Sud, 18\u00a0avril 2020\/ \u2014\u00a0NBA Together Live\u00a0fait partie de la\u00a0campagne NBA Together\u00a0(https:\/\/on.nba.com\/2Uf8GWE), qui met \u00e0 l\u2019honneur un ambassadeur de la famille de [&hellip;]<\/p>\n","protected":false},"author":1775,"featured_media":0,"comment_status":"closed","ping_status":"closed","sticky":false,"template":"","format":"standard","meta":{"fifu_image_url":"","fifu_image_alt":"","footnotes":""},"categories":[78,55],"tags":[],"class_list":["post-82734","post","type-post","status-publish","format-standard","hentry","category-economie","category-tunisie"],"_links":{"self":[{"href":"https:\/\/linitiative.ca\/International\/wp-json\/wp\/v2\/posts\/82734","targetHints":{"allow":["GET"]}}],"collection":[{"href":"https:\/\/linitiative.ca\/International\/wp-json\/wp\/v2\/posts"}],"about":[{"href":"https:\/\/linitiative.ca\/International\/wp-json\/wp\/v2\/types\/post"}],"author":[{"embeddable":true,"href":"https:\/\/linitiative.ca\/International\/wp-json\/wp\/v2\/users\/1775"}],"replies":[{"embeddable":true,"href":"https:\/\/linitiative.ca\/International\/wp-json\/wp\/v2\/comments?post=82734"}],"version-history":[{"count":0,"href":"https:\/\/linitiative.ca\/International\/wp-json\/wp\/v2\/posts\/82734\/revisions"}],"wp:attachment":[{"href":"https:\/\/linitiative.ca\/International\/wp-json\/wp\/v2\/media?parent=82734"}],"wp:term":[{"taxonomy":"category","embeddable":true,"href":"https:\/\/linitiative.ca\/International\/wp-json\/wp\/v2\/categories?post=82734"},{"taxonomy":"post_tag","embeddable":true,"href":"https:\/\/linitiative.ca\/International\/wp-json\/wp\/v2\/tags?post=82734"}],"curies":[{"name":"wp","href":"https:\/\/api.w.org\/{rel}","templated":true}]}}