{"id":82741,"date":"2020-04-17T20:50:47","date_gmt":"2020-04-18T00:50:47","guid":{"rendered":"https:\/\/linitiative.ca\/International\/ambulances-privees-mobilisation-pour-le-transport-des-cas-suspects\/"},"modified":"2020-04-17T20:50:47","modified_gmt":"2020-04-18T00:50:47","slug":"ambulances-privees-mobilisation-pour-le-transport-des-cas-suspects","status":"publish","type":"post","link":"https:\/\/linitiative.ca\/International\/ambulances-privees-mobilisation-pour-le-transport-des-cas-suspects\/","title":{"rendered":"Ambulances priv\u00e9es: Mobilisation pour le transport des cas suspects"},"content":{"rendered":"<div readability=\"34\">\n<p>Marrakech \u2013 Des soci\u00e9t\u00e9s d\u2019ambulances op\u00e9rant dans le secteur priv\u00e9 \u00e0 Marrakech ont fait part de leur disposition \u00e0 contribuer au transport gratuit des cas suspects d\u2019infection au nouveau coronavirus (Covid-19) vers les h\u00f4pitaux de la cit\u00e9 ocre.<\/p>\n<\/div>\n<div readability=\"80\">\n<p>Cette initiative, \u00e0 laquelle a adh\u00e9r\u00e9 l\u2019Association des propri\u00e9taires des soci\u00e9t\u00e9s de transport des bless\u00e9s, des malades et des corps au niveau de la r\u00e9gion Marrakech-Safi, en coordination avec le syndicat national des ambulances et de transport des corps, s\u2019inscrit dans le cadre de la contribution du secteur priv\u00e9 aux efforts d\u00e9ploy\u00e9s \u00e0 l\u2019\u00e9chelle nationale pour faire face \u00e0 la pand\u00e9mie.<\/p>\n<p>Ainsi, une quinzaine de soci\u00e9t\u00e9s actives dans ce domaine ont mis leurs v\u00e9hicules \u00e0 la disposition des autorit\u00e9s comp\u00e9tentes au niveau de la cit\u00e9 ocre et des citoyens souffrant des sympt\u00f4mes de cette maladie et ce, conform\u00e9ment \u00e0 un programme de permanence quotidienne fixant la soci\u00e9t\u00e9 en charge ainsi que son num\u00e9ro de t\u00e9l\u00e9phone.<\/p>\n<p>A cette occasion, le pr\u00e9sident de l\u2019Association des propri\u00e9taires des soci\u00e9t\u00e9s de transport des bless\u00e9s, des malades et des corps, Farid Sikok a indiqu\u00e9 que cette initiative vise \u00e0 att\u00e9nuer la pression sur les ambulances de la protection civile et les v\u00e9hicules relevant du Service d\u2019Assistance M\u00e9dicale d\u2019Urgence (SAMU).<\/p>\n<p>Dans une d\u00e9claration \u00e0 la MAP, M. Sikok a pr\u00e9cis\u00e9 que les entreprises offrant des services d\u2019ambulance au niveau de la ville de Marrakech ont d\u00e9cid\u00e9 de mobiliser 15 v\u00e9hicules pour le transport des cas suspects, avec la possibilit\u00e9 d\u2019augmenter ce nombre selon la demande.<\/p>\n<p>Et de pr\u00e9ciser que 7 ambulances parmi les 15 v\u00e9hicules mobilis\u00e9s, sont \u00e9quip\u00e9es des appareils m\u00e9dicaux n\u00e9cessaires pour l\u2019\u00e9vacuation des cas critiques n\u00e9cessitant la respiration artificielle.<\/p>\n<p>Il a, dans la foul\u00e9e, insist\u00e9 sur la mobilisation des professionnels et des propri\u00e9taires des ambulances priv\u00e9es afin de pr\u00eater main forte et de contribuer de mani\u00e8re effective et efficace aux efforts consentis par les diff\u00e9rents acteurs et intervenants pour la lutte contre cette pand\u00e9mie, selon les besoins d\u00e9termin\u00e9s par les services sanitaires.<\/p>\n<p>A rappeler que des cliniques de la cit\u00e9 ocre avaient d\u00e9cid\u00e9 de mettre leurs \u00e9tablissements \u00e0 la disposition de la Direction r\u00e9gionale de la Sant\u00e9 de Marrakech-Safi, en vue d\u2019accueillir les cas urgents non infect\u00e9s par le Covid-19 et ce, dans le cadre des efforts visant \u00e0 enrayer la propagation de cette pand\u00e9mie.<\/p>\n<\/div>\n<p>Auteur: Meriem IGASS<br \/>\n<a href=\"http:\/\/www.mapmarrakech.ma\/fr\/ambulances-privees-mobilisation-pour-le-transport-des-cas-suspects\/\">Cliquez ici pour lire l&rsquo;article depuis sa source.<\/a><\/p>\n","protected":false},"excerpt":{"rendered":"<p>Marrakech \u2013 Des soci\u00e9t\u00e9s d\u2019ambulances op\u00e9rant dans le secteur priv\u00e9 \u00e0 Marrakech ont fait part de leur disposition \u00e0 contribuer au transport gratuit des cas suspects d\u2019infection au nouveau coronavirus (Covid-19) vers les h\u00f4pitaux de la cit\u00e9 ocre. Cette initiative, \u00e0 laquelle a adh\u00e9r\u00e9 l\u2019Association des propri\u00e9taires des soci\u00e9t\u00e9s de transport des bless\u00e9s, des malades [&hellip;]<\/p>\n","protected":false},"author":1788,"featured_media":0,"comment_status":"closed","ping_status":"closed","sticky":false,"template":"","format":"standard","meta":{"fifu_image_url":"","fifu_image_alt":"","footnotes":""},"categories":[54,76],"tags":[],"class_list":["post-82741","post","type-post","status-publish","format-standard","hentry","category-maroc","category-regions"],"_links":{"self":[{"href":"https:\/\/linitiative.ca\/International\/wp-json\/wp\/v2\/posts\/82741","targetHints":{"allow":["GET"]}}],"collection":[{"href":"https:\/\/linitiative.ca\/International\/wp-json\/wp\/v2\/posts"}],"about":[{"href":"https:\/\/linitiative.ca\/International\/wp-json\/wp\/v2\/types\/post"}],"author":[{"embeddable":true,"href":"https:\/\/linitiative.ca\/International\/wp-json\/wp\/v2\/users\/1788"}],"replies":[{"embeddable":true,"href":"https:\/\/linitiative.ca\/International\/wp-json\/wp\/v2\/comments?post=82741"}],"version-history":[{"count":0,"href":"https:\/\/linitiative.ca\/International\/wp-json\/wp\/v2\/posts\/82741\/revisions"}],"wp:attachment":[{"href":"https:\/\/linitiative.ca\/International\/wp-json\/wp\/v2\/media?parent=82741"}],"wp:term":[{"taxonomy":"category","embeddable":true,"href":"https:\/\/linitiative.ca\/International\/wp-json\/wp\/v2\/categories?post=82741"},{"taxonomy":"post_tag","embeddable":true,"href":"https:\/\/linitiative.ca\/International\/wp-json\/wp\/v2\/tags?post=82741"}],"curies":[{"name":"wp","href":"https:\/\/api.w.org\/{rel}","templated":true}]}}