{"id":82744,"date":"2020-04-18T12:53:35","date_gmt":"2020-04-18T16:53:35","guid":{"rendered":"https:\/\/linitiative.ca\/International\/covid-19-quatre-nouvelles-remissions-au-chu-mohammed-vi\/"},"modified":"2020-04-18T12:53:35","modified_gmt":"2020-04-18T16:53:35","slug":"covid-19-quatre-nouvelles-remissions-au-chu-mohammed-vi","status":"publish","type":"post","link":"https:\/\/linitiative.ca\/International\/covid-19-quatre-nouvelles-remissions-au-chu-mohammed-vi\/","title":{"rendered":"Covid-19: Quatre nouvelles r\u00e9missions au CHU Mohammed VI"},"content":{"rendered":"<div class=\"single-featured\"><img alt=\"\" data-src=\"http:\/\/www.mapmarrakech.ma\/map\/uploads\/2020\/04\/guerisons-RAK-copier.jpg\"\/><\/div>\n<div class=\"single-post-excerpt post-excerpt-bc\" readability=\"37\">\n<p>Marrakech \u2013 Quatre patientes compl\u00e8tement gu\u00e9ries du nouveau coronavirus (Covid-19) ont quitt\u00e9, samedi, le Centre Hospitalier universitaire (CHU) Mohammed VI de Marrakech, sous les applaudissements des cadres m\u00e9dicaux et param\u00e9dicaux de cet \u00e9tablissement hospitalier.<\/p>\n<\/div>\n<div class=\"entry-content clearfix single-post-content\" readability=\"68\">\n<p>Il s\u2019agit de femmes, \u00e2g\u00e9es entre 21 et 32 ans, d\u00e9clar\u00e9es d\u00e9finitivement gu\u00e9ries apr\u00e8s que les tests m\u00e9dicaux et cliniques effectu\u00e9s sur elles se sont r\u00e9v\u00e9l\u00e9s n\u00e9gatifs.<\/p>\n<p>Ainsi, ces nouvelles r\u00e9missions portent \u00e0 23, le total des patients ayant quitt\u00e9 cet \u00e9tablissement hospitalier apr\u00e8s la confirmation de leur gu\u00e9rison totale.<\/p>\n<p>Dans une d\u00e9claration \u00e0 la MAP, le coordinateur g\u00e9n\u00e9ral du Covid-19 au CHU Mohammed VI, Dr. Takoui Abdelmajid, a indiqu\u00e9 que les cas gu\u00e9ris ne souffraient d\u2019aucune maladie chronique, c\u2019est ce qui a favoris\u00e9 leur prompt r\u00e9tablissement, pr\u00e9cisant que les patientes gu\u00e9ries ont pass\u00e9, en moyenne, 13 jours au sein de cet \u00e9tablissement hospitalier.<\/p>\n<p>Dr. Takoui a tenu \u00e0 ajouter que parmi les cas gu\u00e9ris figure une femme qui avait \u00e9t\u00e9 confirm\u00e9e positive au Covid-19 juste apr\u00e8s avoir subi une c\u00e9sarienne, notant que son b\u00e9b\u00e9 a \u00e9t\u00e9 test\u00e9 n\u00e9gatif au coronavirus.<\/p>\n<p>L\u2019\u00e9tat de sant\u00e9 de cette femme a \u00e9t\u00e9 stable durant les 15 jours qu\u2019elle a pass\u00e9s au CHU Mohammed VI, a-t-il conclu.<\/p>\n<p>Dans des d\u00e9clarations \u00e0 la presse, les patientes gu\u00e9ries ont exprim\u00e9 leur gratitude aux cadres m\u00e9dicaux et param\u00e9dicaux du CHU qui n\u2019ont m\u00e9nag\u00e9 aucun effort pour soulager leurs souffrances, les assister dans ces moments difficiles, tout en veillant jour comme de nuit \u00e0 leur confort.<\/p>\n<\/div>\n<p>Auteur: Meriem IGASS<br \/>\n<a href=\"http:\/\/www.mapmarrakech.ma\/fr\/covid-19-quatre-nouvelles-remissions-au-chu-mohammed-vi\/\">Cliquez ici pour lire l&rsquo;article depuis sa source.<\/a><\/p>\n","protected":false},"excerpt":{"rendered":"<p>Marrakech \u2013 Quatre patientes compl\u00e8tement gu\u00e9ries du nouveau coronavirus (Covid-19) ont quitt\u00e9, samedi, le Centre Hospitalier universitaire (CHU) Mohammed VI de Marrakech, sous les applaudissements des cadres m\u00e9dicaux et param\u00e9dicaux de cet \u00e9tablissement hospitalier. Il s\u2019agit de femmes, \u00e2g\u00e9es entre 21 et 32 ans, d\u00e9clar\u00e9es d\u00e9finitivement gu\u00e9ries apr\u00e8s que les tests m\u00e9dicaux et cliniques effectu\u00e9s [&hellip;]<\/p>\n","protected":false},"author":1788,"featured_media":0,"comment_status":"closed","ping_status":"closed","sticky":false,"template":"","format":"standard","meta":{"fifu_image_url":"","fifu_image_alt":"","footnotes":""},"categories":[54,76],"tags":[],"class_list":["post-82744","post","type-post","status-publish","format-standard","hentry","category-maroc","category-regions"],"_links":{"self":[{"href":"https:\/\/linitiative.ca\/International\/wp-json\/wp\/v2\/posts\/82744","targetHints":{"allow":["GET"]}}],"collection":[{"href":"https:\/\/linitiative.ca\/International\/wp-json\/wp\/v2\/posts"}],"about":[{"href":"https:\/\/linitiative.ca\/International\/wp-json\/wp\/v2\/types\/post"}],"author":[{"embeddable":true,"href":"https:\/\/linitiative.ca\/International\/wp-json\/wp\/v2\/users\/1788"}],"replies":[{"embeddable":true,"href":"https:\/\/linitiative.ca\/International\/wp-json\/wp\/v2\/comments?post=82744"}],"version-history":[{"count":0,"href":"https:\/\/linitiative.ca\/International\/wp-json\/wp\/v2\/posts\/82744\/revisions"}],"wp:attachment":[{"href":"https:\/\/linitiative.ca\/International\/wp-json\/wp\/v2\/media?parent=82744"}],"wp:term":[{"taxonomy":"category","embeddable":true,"href":"https:\/\/linitiative.ca\/International\/wp-json\/wp\/v2\/categories?post=82744"},{"taxonomy":"post_tag","embeddable":true,"href":"https:\/\/linitiative.ca\/International\/wp-json\/wp\/v2\/tags?post=82744"}],"curies":[{"name":"wp","href":"https:\/\/api.w.org\/{rel}","templated":true}]}}