{"id":82749,"date":"2020-04-18T11:33:21","date_gmt":"2020-04-18T15:33:21","guid":{"rendered":"https:\/\/linitiative.ca\/International\/cerealiculture-une-production-record-de-plus-de-394-000-qx-attendue-a-ghardaia\/"},"modified":"2020-04-18T11:33:21","modified_gmt":"2020-04-18T15:33:21","slug":"cerealiculture-une-production-record-de-plus-de-394-000-qx-attendue-a-ghardaia","status":"publish","type":"post","link":"https:\/\/linitiative.ca\/International\/cerealiculture-une-production-record-de-plus-de-394-000-qx-attendue-a-ghardaia\/","title":{"rendered":"C\u00e9r\u00e9aliculture : Une production \u00ab\u00a0record\u00a0\u00bb de plus de 394.000 qx attendue \u00e0 Gharda\u00efa"},"content":{"rendered":"<div readability=\"39\">\n<p><strong>GHARDAIA- La production pr\u00e9visionnelle c\u00e9r\u00e9ali\u00e8re sous pivot au titre de la campagne agricole 2019\/2020 devrait atteindre, pour la premi\u00e8re fois dans la wilaya de Gharda\u00efa, un chiffre \u00ab\u00a0record\u00a0\u00bb de 394.550 quintaux, a indiqu\u00e9 samedi \u00e0 l\u2019APS le directeur des services agricoles (DSA), Mustapha Djakboub.<\/strong><\/p>\n<\/div>\n<div readability=\"107.492145369\">\n<p>La campagne moisson-battage, qui d\u00e9butera la fin du mois en cours, ciblera une superficie \u00e0 moissonner de 8.098 hectares soit 6.957 ha r\u00e9serv\u00e9s au bl\u00e9 dur, 188 au bl\u00e9 tendre et 953 ha \u00e0 l\u2019orge, a pr\u00e9cis\u00e9 M. Djakboub, ajoutant que les superficies emblav\u00e9es sous pivot sont pour la plupart situ\u00e9es dans la wilaya d\u00e9l\u00e9gu\u00e9e d\u2019El M\u00e9n\u00e9\u00e2a (sud de Ghardaia), r\u00e9gion riche en ressources hydriques, qui comprend El M\u00e9n\u00e9\u00e2a, Hassi Lefhal et Mansourah.<\/p>\n<p>Les op\u00e9rations d&#8217;emblavement de c\u00e9r\u00e9ales dans la wilaya de Gharda\u00efa ont augment\u00e9 de pr\u00e8s de 17,12%, passant de 6.914 hectares durant la saison agricole pr\u00e9c\u00e9dente 2018\/2019 \u00e0 8.098 hectares durant la saison actuelle, a fait savoir le DSA, pr\u00e9cisant que l&rsquo;\u00e9tat v\u00e9g\u00e9tatif des c\u00e9r\u00e9ales est jug\u00e9 \u00ab\u00a0bon\u00a0\u00bb pour l\u2019ensemble des superficies labour\u00e9es.<\/p>\n<p>La surface sous pivot consacr\u00e9e \u00e0 la production c\u00e9r\u00e9ali\u00e8re a connu une courbe ascendante estim\u00e9e \u00e0 plus de 700% depuis 2009, passant de 1.150 hectares \u00e0 8.098 hectares en 2020, a expliqu\u00e9 le m\u00eame responsable.<\/p>\n<blockquote readability=\"10\">\n<p><strong><em>L&rsquo;extension de la superficie destin\u00e9e aux cultures c\u00e9r\u00e9ali\u00e8res sous pivot fait suite \u00e0 la sensibilisation permanente sur l\u2019importance d\u2019un tel secteur strat\u00e9gique men\u00e9e par les responsables locaux de l\u2019agriculture, mais aussi gr\u00e2ce \u00e0 la mise en valeur de nouveaux p\u00e9rim\u00e8tres agricoles dans la partie sud de la wilaya, a-t-il relev\u00e9.<\/em><\/strong><\/p>\n<\/blockquote>\n<p>\u00ab\u00a0Malgr\u00e9 le contexte exceptionnel de la pand\u00e9mie et les mesures restrictives rigoureuses prises par l\u2019Etat pour juguler le fl\u00e9au, on s\u2019attend \u00e0 une augmentation notable par rapport \u00e0 la saison derni\u00e8re, marqu\u00e9e par une r\u00e9colte de 220.000 qx\u00a0\u00bb, a estim\u00e9 M. Djakboub qui justifie cette hausse par la disponibilit\u00e9 des semences de qualit\u00e9 et le suivi des itin\u00e9raires techniques des cultures c\u00e9r\u00e9ali\u00e8res entrepris par les services phytosanitaires dans le cadre de la vulgarisation des techniques agricoles.<\/p>\n<blockquote readability=\"12\">\n<p><em><strong>Le Dircteur des services agricoles de la wilaya a \u00e9galement mis l\u2019accent sur les mesures sanitaires prises pour faire face au Covid-19 parmi les agriculteurs, pr\u00e9cisant que cette campagne se d\u00e9roulera dans des \u00ab\u00a0conditions normales\u00a0\u00bb, malgr\u00e9 la pand\u00e9mie du coronavirus qui impose, toutefois, aux agriculteurs de se conformer aux mesures de distanciation et d\u2019hygi\u00e8ne prises par les autorit\u00e9s comp\u00e9tentes.<\/strong><\/em><\/p>\n<\/blockquote>\n<hr\/>\n<h3>Lire aussi:\u00a0<a href=\"\/proxy\/4e12f783\/http\/www.aps.dz\/economie\/100992-hausse-de-6-de-la-valeur-de-la-production-agricole-en-2019\">Hausse de 6% de la valeur de la production agricole en 2019<\/a><\/h3>\n<hr\/>\n<p>Les services agricoles de la wilaya de Gharda\u00efa s\u2019attendent \u00e0 un rendement moyen de pr\u00e8s de 50 quintaux \u00e0 l\u2019hectare pour le bl\u00e9 dur ,70 qx pour le bl\u00e9 tendre et 40 qx\/ha pour l\u2019orge.<\/p>\n<p>Des moyens cons\u00e9quents ont \u00e9t\u00e9 mobilis\u00e9s pour assurer le bon d\u00e9roulement de cette campagne, dont une trentaine de moissonneuses \u00e0 sac et bac et 70 camions de transport appartenant \u00e0 la Coop\u00e9rative des c\u00e9r\u00e9ales et des l\u00e9gumes secs (CCLS) de Laghouat charg\u00e9 de la collecte de la production, a rassur\u00e9, de son c\u00f4t\u00e9, Faysal Benelradi, directeur de la CCLS de Laghouat lors de la r\u00e9union de coordination de la campagne moisson-battage.<\/p>\n<blockquote readability=\"11\">\n<p><em><strong>Un hangar de collecte couvert, d\u2019une capacit\u00e9 globale de 90.000 quintaux, r\u00e9alis\u00e9 \u00e0 l\u2019entr\u00e9e nord de la ville d\u2019El M\u00e9n\u00e9\u00e2a, ainsi que des sites de stockage priv\u00e9s seront mis \u00e0 la disposition des c\u00e9r\u00e9aliculteurs pour le stockage de leur production avant l\u2019enl\u00e8vement pour \u00eatre acheminer vers Laghouat<\/strong><\/em>.<\/p>\n<\/blockquote>\n<p>La campagne de moisson battage s\u2019effectuera dans la r\u00e9gion sur fond de campagne de sensibilisation et de mobilisation visant \u00e0 att\u00e9nuer les effets de la propagation du Covid-19, a rappel\u00e9 le DSA, soulignant que toutes les dispositions ont \u00e9t\u00e9 prises pour faciliter le d\u00e9placement des agriculteurs et autres transporteurs des c\u00e9r\u00e9ales durant la p\u00e9riode du confinement sanitaire partiel.<\/p>\n<p>Les services concern\u00e9s sont \u00e0 pied d\u2019\u0153uvre pour accompagner les agriculteurs \u00e0 travers des campagnes de sensibilisation relatives au d\u00e9sherbage et sur la n\u00e9cessit\u00e9 d\u2019\u00e9liminer les plantes parasites.<\/p>\n<p>La wilaya de Gharda\u00efa a enregistr\u00e9, durant la campagne de moisson 2019, une production de l\u2019ordre de pr\u00e8s de 220.000 quintaux de c\u00e9r\u00e9ales sur une superficie emblav\u00e9e de 6.914 hectares avec un rendement performent qui a atteint un pic de 75 qx\/ha dans la localit\u00e9 de Hassi El Garaa.<\/p>\n<\/div>\n<p>Auteur:<br \/>\n<a href=\"http:\/\/www.aps.dz\/regions\/104155-cerealiculture-une-production-record-de-plus-de-394-000-qx-attendue-a-ghardaia\">Cliquez ici pour lire l&rsquo;article depuis sa source.<\/a><\/p>\n","protected":false},"excerpt":{"rendered":"<p>GHARDAIA- La production pr\u00e9visionnelle c\u00e9r\u00e9ali\u00e8re sous pivot au titre de la campagne agricole 2019\/2020 devrait atteindre, pour la premi\u00e8re fois dans la wilaya de Gharda\u00efa, un chiffre \u00ab\u00a0record\u00a0\u00bb de 394.550 quintaux, a indiqu\u00e9 samedi \u00e0 l\u2019APS le directeur des services agricoles (DSA), Mustapha Djakboub. La campagne moisson-battage, qui d\u00e9butera la fin du mois en cours, [&hellip;]<\/p>\n","protected":false},"author":1790,"featured_media":0,"comment_status":"closed","ping_status":"closed","sticky":false,"template":"","format":"standard","meta":{"fifu_image_url":"","fifu_image_alt":"","footnotes":""},"categories":[53,76],"tags":[],"class_list":["post-82749","post","type-post","status-publish","format-standard","hentry","category-algerie","category-regions"],"_links":{"self":[{"href":"https:\/\/linitiative.ca\/International\/wp-json\/wp\/v2\/posts\/82749","targetHints":{"allow":["GET"]}}],"collection":[{"href":"https:\/\/linitiative.ca\/International\/wp-json\/wp\/v2\/posts"}],"about":[{"href":"https:\/\/linitiative.ca\/International\/wp-json\/wp\/v2\/types\/post"}],"author":[{"embeddable":true,"href":"https:\/\/linitiative.ca\/International\/wp-json\/wp\/v2\/users\/1790"}],"replies":[{"embeddable":true,"href":"https:\/\/linitiative.ca\/International\/wp-json\/wp\/v2\/comments?post=82749"}],"version-history":[{"count":0,"href":"https:\/\/linitiative.ca\/International\/wp-json\/wp\/v2\/posts\/82749\/revisions"}],"wp:attachment":[{"href":"https:\/\/linitiative.ca\/International\/wp-json\/wp\/v2\/media?parent=82749"}],"wp:term":[{"taxonomy":"category","embeddable":true,"href":"https:\/\/linitiative.ca\/International\/wp-json\/wp\/v2\/categories?post=82749"},{"taxonomy":"post_tag","embeddable":true,"href":"https:\/\/linitiative.ca\/International\/wp-json\/wp\/v2\/tags?post=82749"}],"curies":[{"name":"wp","href":"https:\/\/api.w.org\/{rel}","templated":true}]}}