{"id":82750,"date":"2020-04-17T18:33:31","date_gmt":"2020-04-17T22:33:31","guid":{"rendered":"https:\/\/linitiative.ca\/International\/covid-19-oriental-3-nouveaux-cas-confirmes-143-au-total\/"},"modified":"2020-04-17T18:33:31","modified_gmt":"2020-04-17T22:33:31","slug":"covid-19-oriental-3-nouveaux-cas-confirmes-143-au-total","status":"publish","type":"post","link":"https:\/\/linitiative.ca\/International\/covid-19-oriental-3-nouveaux-cas-confirmes-143-au-total\/","title":{"rendered":"Covid-19\/Oriental : 3 nouveaux cas confirm\u00e9s, 143 au total"},"content":{"rendered":"<p class=\"c4\">Trois nouveaux cas d\u2019infection au nouveau coronavirus (Covid-19) ont \u00e9t\u00e9 confirm\u00e9s au niveau de la r\u00e9gion de l\u2019Oriental, portant le total des patients, \u00e0 la date du 17 avril \u00e0 18H00, \u00e0 143.<\/p>\n<p class=\"c4\">La r\u00e9gion de l\u2019Oriental a par ailleurs enregistr\u00e9 un total de 10 cas de gu\u00e9rison et 8 d\u00e9c\u00e8s, selon les donn\u00e9es de la direction r\u00e9gionale de la Sant\u00e9 relatives au bilan de l\u2019\u00e9volution de la pand\u00e9mie du Covid-19.<\/p>\n<p class=\"c4\">Concernant la r\u00e9partition g\u00e9ographique des cas de contamination, la pr\u00e9fecture d\u2019Oujda-Angad figure en premi\u00e8re position avec 47 cas (inchang\u00e9 par rapport au pr\u00e9c\u00e9dent bilan), contre 38 dans la province de Nador (+1), 34 dans la province de Berkane (+1) et 9 \u00e0 Taourirt (+ 1).<\/p>\n<p class=\"c4\">La province Guercif a enregistr\u00e9 quant \u00e0 elle 8 cas (inchang\u00e9), contre 6 cas pour la province de Driouch (inchang\u00e9) et un seul cas dans la province de Figuig (inchang\u00e9), alors qu\u2019aucun cas n\u2019a \u00e9t\u00e9 enregistr\u00e9 jusqu\u2019\u00e0 pr\u00e9sent dans la province de Jerada.<\/p>\n<p class=\"c4\">Un total de 281 nouveaux cas d\u2019infection au nouveau coronavirus (Covid-19) ont \u00e9t\u00e9 confirm\u00e9s au Maroc lors des derni\u00e8res 24 heures, portant \u00e0 2.564 le nombre total des cas de contamination.<\/p>\n<p class=\"c4\">Le nombre de cas gu\u00e9ris s\u2019\u00e9l\u00e8ve, jusqu\u2019\u00e0 vendredi \u00e0 18H00, \u00e0 281 avec 32 nouvelles r\u00e9missions, alors que le nombre de d\u00e9c\u00e8s a atteint 135, a pr\u00e9cis\u00e9 le minist\u00e8re de la Sant\u00e9 sur le portail \u00ab\u00a0www.covidmaroc.ma\u00a0\u00bb.<\/p>\n<p>Auteur: Soufiane ELAHMAR<br \/>\n<a href=\"http:\/\/www.mapoujda.ma\/fr\/covid-19-oriental-3-nouveaux-cas-confirmes-143-au-total\/\">Cliquez ici pour lire l&rsquo;article depuis sa source.<\/a><\/p>\n","protected":false},"excerpt":{"rendered":"<p>Trois nouveaux cas d\u2019infection au nouveau coronavirus (Covid-19) ont \u00e9t\u00e9 confirm\u00e9s au niveau de la r\u00e9gion de l\u2019Oriental, portant le total des patients, \u00e0 la date du 17 avril \u00e0 18H00, \u00e0 143. La r\u00e9gion de l\u2019Oriental a par ailleurs enregistr\u00e9 un total de 10 cas de gu\u00e9rison et 8 d\u00e9c\u00e8s, selon les donn\u00e9es de [&hellip;]<\/p>\n","protected":false},"author":1788,"featured_media":0,"comment_status":"closed","ping_status":"closed","sticky":false,"template":"","format":"standard","meta":{"fifu_image_url":"","fifu_image_alt":"","footnotes":""},"categories":[54,76],"tags":[],"class_list":["post-82750","post","type-post","status-publish","format-standard","hentry","category-maroc","category-regions"],"_links":{"self":[{"href":"https:\/\/linitiative.ca\/International\/wp-json\/wp\/v2\/posts\/82750","targetHints":{"allow":["GET"]}}],"collection":[{"href":"https:\/\/linitiative.ca\/International\/wp-json\/wp\/v2\/posts"}],"about":[{"href":"https:\/\/linitiative.ca\/International\/wp-json\/wp\/v2\/types\/post"}],"author":[{"embeddable":true,"href":"https:\/\/linitiative.ca\/International\/wp-json\/wp\/v2\/users\/1788"}],"replies":[{"embeddable":true,"href":"https:\/\/linitiative.ca\/International\/wp-json\/wp\/v2\/comments?post=82750"}],"version-history":[{"count":0,"href":"https:\/\/linitiative.ca\/International\/wp-json\/wp\/v2\/posts\/82750\/revisions"}],"wp:attachment":[{"href":"https:\/\/linitiative.ca\/International\/wp-json\/wp\/v2\/media?parent=82750"}],"wp:term":[{"taxonomy":"category","embeddable":true,"href":"https:\/\/linitiative.ca\/International\/wp-json\/wp\/v2\/categories?post=82750"},{"taxonomy":"post_tag","embeddable":true,"href":"https:\/\/linitiative.ca\/International\/wp-json\/wp\/v2\/tags?post=82750"}],"curies":[{"name":"wp","href":"https:\/\/api.w.org\/{rel}","templated":true}]}}