{"id":82752,"date":"2020-04-18T09:57:32","date_gmt":"2020-04-18T13:57:32","guid":{"rendered":"https:\/\/linitiative.ca\/International\/covid-19-oriental-5-nouveaux-cas-confirmes-148-au-total\/"},"modified":"2020-04-18T09:57:32","modified_gmt":"2020-04-18T13:57:32","slug":"covid-19-oriental-5-nouveaux-cas-confirmes-148-au-total","status":"publish","type":"post","link":"https:\/\/linitiative.ca\/International\/covid-19-oriental-5-nouveaux-cas-confirmes-148-au-total\/","title":{"rendered":"Covid-19\/Oriental : 5 nouveaux cas confirm\u00e9s, 148 au total"},"content":{"rendered":"<div class=\"single-featured\"><img alt=\"\" data-src=\"http:\/\/www.mapoujda.ma\/map\/uploads\/2020\/04\/lutte-contre-la-propagation-du-coronavirus-2-M750&#xD7;430-MAP-1.jpg\"\/><\/div>\n<div class=\"entry-content clearfix single-post-content\" readability=\"65\">\n<p class=\"c4\">Cinq nouveaux cas d\u2019infection au nouveau coronavirus (Covid-19) ont \u00e9t\u00e9 confirm\u00e9s au niveau de la r\u00e9gion de l\u2019Oriental, portant le total des patients, \u00e0 la date du 18 avril \u00e0 10H00, \u00e0 148.<\/p>\n<p class=\"c4\">La r\u00e9gion de l\u2019Oriental a par ailleurs enregistr\u00e9 un total de 13 cas de gu\u00e9rison et 8 d\u00e9c\u00e8s, selon les donn\u00e9es de la direction r\u00e9gionale de la Sant\u00e9 relatives au bilan de l\u2019\u00e9volution de la pand\u00e9mie du Covid-19.<\/p>\n<p class=\"c4\">Concernant la r\u00e9partition g\u00e9ographique des cas de contamination, la pr\u00e9fecture d\u2019Oujda-Angad figure en premi\u00e8re position avec 47 cas (inchang\u00e9 par rapport au pr\u00e9c\u00e9dent bilan), contre 39 dans la province de Nador (+1), 37 dans la province de Berkane (+3) et 9 \u00e0 Taourirt (inchang\u00e9).<\/p>\n<p class=\"c4\">La province de Guercif a enregistr\u00e9 quant \u00e0 elle 8 cas (inchang\u00e9), contre 7 cas pour la province de Driouch (+1) et un seul cas dans la province de Figuig (inchang\u00e9), alors qu\u2019aucun cas n\u2019a \u00e9t\u00e9 enregistr\u00e9 jusqu\u2019\u00e0 pr\u00e9sent dans la province de Jerada.<\/p>\n<p class=\"c4\">Le bilan national de ce samedi (10h) fait \u00e9tat de 106 nouveaux cas d\u2019infection, portant \u00e0 2.670 le nombre total des cas de contamination, tandis que le nombre des cas exclus apr\u00e8s des r\u00e9sultats n\u00e9gatifs d\u2019analyses effectu\u00e9es au laboratoire est de 10.441.<\/p>\n<p class=\"c4\">En outre, le nombre de cas gu\u00e9ris au niveau national s\u2019\u00e9l\u00e8ve \u00e0 298 avec 17 nouvelles r\u00e9missions, alors que le nombre de d\u00e9c\u00e8s a atteint 137.<\/p>\n<\/div>\n<p>Auteur: Soufiane ELAHMAR<br \/>\n<a href=\"http:\/\/www.mapoujda.ma\/fr\/covid-19-oriental-5-nouveaux-cas-confirmes-148-au-total\/\">Cliquez ici pour lire l&rsquo;article depuis sa source.<\/a><\/p>\n","protected":false},"excerpt":{"rendered":"<p>Cinq nouveaux cas d\u2019infection au nouveau coronavirus (Covid-19) ont \u00e9t\u00e9 confirm\u00e9s au niveau de la r\u00e9gion de l\u2019Oriental, portant le total des patients, \u00e0 la date du 18 avril \u00e0 10H00, \u00e0 148. La r\u00e9gion de l\u2019Oriental a par ailleurs enregistr\u00e9 un total de 13 cas de gu\u00e9rison et 8 d\u00e9c\u00e8s, selon les donn\u00e9es de [&hellip;]<\/p>\n","protected":false},"author":1788,"featured_media":0,"comment_status":"closed","ping_status":"closed","sticky":false,"template":"","format":"standard","meta":{"fifu_image_url":"","fifu_image_alt":"","footnotes":""},"categories":[54,76],"tags":[],"class_list":["post-82752","post","type-post","status-publish","format-standard","hentry","category-maroc","category-regions"],"_links":{"self":[{"href":"https:\/\/linitiative.ca\/International\/wp-json\/wp\/v2\/posts\/82752","targetHints":{"allow":["GET"]}}],"collection":[{"href":"https:\/\/linitiative.ca\/International\/wp-json\/wp\/v2\/posts"}],"about":[{"href":"https:\/\/linitiative.ca\/International\/wp-json\/wp\/v2\/types\/post"}],"author":[{"embeddable":true,"href":"https:\/\/linitiative.ca\/International\/wp-json\/wp\/v2\/users\/1788"}],"replies":[{"embeddable":true,"href":"https:\/\/linitiative.ca\/International\/wp-json\/wp\/v2\/comments?post=82752"}],"version-history":[{"count":0,"href":"https:\/\/linitiative.ca\/International\/wp-json\/wp\/v2\/posts\/82752\/revisions"}],"wp:attachment":[{"href":"https:\/\/linitiative.ca\/International\/wp-json\/wp\/v2\/media?parent=82752"}],"wp:term":[{"taxonomy":"category","embeddable":true,"href":"https:\/\/linitiative.ca\/International\/wp-json\/wp\/v2\/categories?post=82752"},{"taxonomy":"post_tag","embeddable":true,"href":"https:\/\/linitiative.ca\/International\/wp-json\/wp\/v2\/tags?post=82752"}],"curies":[{"name":"wp","href":"https:\/\/api.w.org\/{rel}","templated":true}]}}