{"id":82753,"date":"2020-04-18T13:53:44","date_gmt":"2020-04-18T17:53:44","guid":{"rendered":"https:\/\/linitiative.ca\/International\/prolongation-de-letat-durgence-sanitaire-jusquau-20-mai-2020\/"},"modified":"2020-04-18T13:53:44","modified_gmt":"2020-04-18T17:53:44","slug":"prolongation-de-letat-durgence-sanitaire-jusquau-20-mai-2020","status":"publish","type":"post","link":"https:\/\/linitiative.ca\/International\/prolongation-de-letat-durgence-sanitaire-jusquau-20-mai-2020\/","title":{"rendered":"Prolongation de l\u2019\u00e9tat d\u2019urgence sanitaire jusqu\u2019au 20 mai 2020"},"content":{"rendered":"<div class=\"single-featured\"><img alt=\"\" data-src=\"http:\/\/www.mapoujda.ma\/map\/uploads\/2020\/04\/Des-citoyens-&#xE0;-L&#xE9;tat-d&#x2019;urgence-sanitaire-M750&#xD7;430-MAP.jpg\"\/><\/div>\n<div class=\"entry-content clearfix single-post-content\" readability=\"62\">\n<p class=\"c4\">Dans le cadre du renforcement des mesures pr\u00e9ventives pour lutter contre la propagation du nouveau coronavirus et prenant en consid\u00e9ration la situation \u00e9pid\u00e9miologique du Royaume, les autorit\u00e9s publiques ont d\u00e9cid\u00e9 la prolongation de l\u2019\u00e9tat d\u2019urgence sanitaire jusqu\u2019au 20 mai 2020, indiquent les minist\u00e8res de l\u2019Int\u00e9rieur et de la Sant\u00e9 dans un communiqu\u00e9 conjoint.<\/p>\n<p class=\"c4\">Toutes les mesures de pr\u00e9caution et de r\u00e9pression, de la premi\u00e8re \u00e9tape de l\u2019\u00e9tat d\u2019urgence sanitaire, restent toujours en vigueur lors de cette p\u00e9riode suppl\u00e9mentaire tout en les adaptant chaque fois qu\u2019il est n\u00e9cessaire et ce pour la protection de la sant\u00e9 des citoyennes et citoyens, pr\u00e9cise la m\u00eame source.<\/p>\n<p class=\"c4\">A l\u2019instar de la p\u00e9riode pr\u00e9c\u00e9dente, les services comp\u00e9tents poursuivront leurs actions pour garantir une offre suffisante r\u00e9pondant aux besoins de consommation des familles en produits alimentaires, m\u00e9dicaments et tous les produits n\u00e9cessaires, y compris les besoins du mois sacr\u00e9 du ramadan, avec la mobilisation de tous les services pour assurer le contr\u00f4le et le suivi r\u00e9guliers de l\u2019\u00e9tat des espaces commerciaux et l\u2019efficience des circuits de distribution.<\/p>\n<p class=\"c4\">Dans le cadre du renforcement des efforts nationaux d\u00e9ploy\u00e9s, les autorit\u00e9s publiques appellent toute citoyenne et tout citoyen \u00e0 la n\u00e9cessit\u00e9 du strict respect des exigences de cette p\u00e9riode d\u00e9licate et \u00e0 adh\u00e9rer efficacement \u00e0 la mise en oeuvre des mesures pr\u00e9ventives prises, et \u00e0 la collaboration avec les agents des autorit\u00e9s locales et les services s\u00e9curitaires, qui veillent \u00e0 accomplir leur devoir national avec fermet\u00e9 et responsabilit\u00e9 et \u00e0 appliquer les proc\u00e9dures juridiques \u00e0 l\u2019encontre de tout individu qui viole d\u00e9lib\u00e9r\u00e9ment les r\u00e8gles en vigueur.<\/p>\n<\/div>\n<p>Auteur: Soufiane ELAHMAR<br \/>\n<a href=\"http:\/\/www.mapoujda.ma\/fr\/prolongation-de-letat-durgence-sanitaire-jusquau-20-mai-2020\/\">Cliquez ici pour lire l&rsquo;article depuis sa source.<\/a><\/p>\n","protected":false},"excerpt":{"rendered":"<p>Dans le cadre du renforcement des mesures pr\u00e9ventives pour lutter contre la propagation du nouveau coronavirus et prenant en consid\u00e9ration la situation \u00e9pid\u00e9miologique du Royaume, les autorit\u00e9s publiques ont d\u00e9cid\u00e9 la prolongation de l\u2019\u00e9tat d\u2019urgence sanitaire jusqu\u2019au 20 mai 2020, indiquent les minist\u00e8res de l\u2019Int\u00e9rieur et de la Sant\u00e9 dans un communiqu\u00e9 conjoint. Toutes les [&hellip;]<\/p>\n","protected":false},"author":1788,"featured_media":0,"comment_status":"closed","ping_status":"closed","sticky":false,"template":"","format":"standard","meta":{"fifu_image_url":"","fifu_image_alt":"","footnotes":""},"categories":[54,76],"tags":[],"class_list":["post-82753","post","type-post","status-publish","format-standard","hentry","category-maroc","category-regions"],"_links":{"self":[{"href":"https:\/\/linitiative.ca\/International\/wp-json\/wp\/v2\/posts\/82753","targetHints":{"allow":["GET"]}}],"collection":[{"href":"https:\/\/linitiative.ca\/International\/wp-json\/wp\/v2\/posts"}],"about":[{"href":"https:\/\/linitiative.ca\/International\/wp-json\/wp\/v2\/types\/post"}],"author":[{"embeddable":true,"href":"https:\/\/linitiative.ca\/International\/wp-json\/wp\/v2\/users\/1788"}],"replies":[{"embeddable":true,"href":"https:\/\/linitiative.ca\/International\/wp-json\/wp\/v2\/comments?post=82753"}],"version-history":[{"count":0,"href":"https:\/\/linitiative.ca\/International\/wp-json\/wp\/v2\/posts\/82753\/revisions"}],"wp:attachment":[{"href":"https:\/\/linitiative.ca\/International\/wp-json\/wp\/v2\/media?parent=82753"}],"wp:term":[{"taxonomy":"category","embeddable":true,"href":"https:\/\/linitiative.ca\/International\/wp-json\/wp\/v2\/categories?post=82753"},{"taxonomy":"post_tag","embeddable":true,"href":"https:\/\/linitiative.ca\/International\/wp-json\/wp\/v2\/tags?post=82753"}],"curies":[{"name":"wp","href":"https:\/\/api.w.org\/{rel}","templated":true}]}}