{"id":82757,"date":"2020-04-17T19:32:00","date_gmt":"2020-04-17T23:32:00","guid":{"rendered":"https:\/\/linitiative.ca\/International\/la-chine-revise-son-bilan-et-leadership-francais\/"},"modified":"2020-04-17T19:32:00","modified_gmt":"2020-04-17T23:32:00","slug":"la-chine-revise-son-bilan-et-leadership-francais","status":"publish","type":"post","link":"https:\/\/linitiative.ca\/International\/la-chine-revise-son-bilan-et-leadership-francais\/","title":{"rendered":"La Chine r\u00e9vise son bilan et \u00ab\u00a0leadership\u00a0\u00bb fran\u00e7ais"},"content":{"rendered":"<p>Nouveaux bilans, nouvelles mesures, faits marquants: un point sur les derni\u00e8res \u00e9volutions de la pand\u00e9mie de Covid-19, qui a contamin\u00e9 plus de 2,1 millions de personnes dans le monde.<\/p>\n<p>Soup\u00e7onn\u00e9e d&rsquo;avoir sous-estim\u00e9 son bilan du coronavirus, la Chine annonce pr\u00e8s de 1.300 morts suppl\u00e9mentaires \u00e0 Wuhan, portant \u00e0 4.632 le nombre de d\u00e9c\u00e8s enregistr\u00e9s dans le pays le plus peupl\u00e9 du monde.<\/p>\n<p>P\u00e9kin d\u00e9ment toute \u00ab\u00a0dissimulation\u00a0\u00bb mais reconna\u00eet \u00ab\u00a0des retards, des omissions et des impr\u00e9cisions\u00a0\u00bb dans l&rsquo;enregistrement des d\u00e9c\u00e8s au d\u00e9but de l&rsquo;\u00e9pid\u00e9mie, du fait de l&rsquo;engorgement des h\u00f4pitaux.<\/p>\n<p>Le patron de l&rsquo;OMS a remerci\u00e9 Emmanuel Macron pour son \u00ab\u00a0leadership\u00a0\u00bb dans la r\u00e9ponse internationale \u00e0 la pand\u00e9mie, alors que le pr\u00e9sident fran\u00e7ais a \u00e9mis des doutes sur la gestion de la crise par la Chine.<\/p>\n<p><strong>Epid\u00e9mie \u00ab\u00a0sous contr\u00f4le\u00a0\u00bb en Allemagne<\/strong><\/p>\n<p>L&rsquo;\u00e9pid\u00e9mie est d\u00e9sormais \u00ab\u00a0sous contr\u00f4le et g\u00e9rable\u00a0\u00bb en Allemagne, s&rsquo;est f\u00e9licit\u00e9 le ministre de la Sant\u00e9 Jens Spahn qui a annonc\u00e9 la fabrication \u00e0 partir d&rsquo;ao\u00fbt de quelque 50 millions de masques par semaine, dont 10 millions de type FFP2.<\/p>\n<p>Dans le pays qui compte 133.830 cas officiellement d\u00e9clar\u00e9s et 3.868 d\u00e9c\u00e8s, le taux d&rsquo;infection a atteint vendredi 0,7% selon l&rsquo;institut Robert Koch.<\/p>\n<p><strong>Plus de 94.000 morts en Europe<\/strong><\/p>\n<p>Plus de 2.182.740 cas du nouveau coronavirus ont \u00e9t\u00e9 officiellement d\u00e9clar\u00e9s dans le monde, dont au moins 145.673 d\u00e9c\u00e8s, selon un comptage AFP vendredi \u00e0 11H00 GMT \u00e0 partir de sources officielles. L&rsquo;Europe totalise 94.021 d\u00e9c\u00e8s pour 1.099.211 cas,<\/p>\n<p>Les Etats-Unis paient le plus lourd tribut, avec 33.286 d\u00e9c\u00e8s pour 671.425 cas de Covid-19.<\/p>\n<p>Suivent l&rsquo;Italie (avec 22.170 morts), l&rsquo;Espagne (19.478), la France (17.920) et le Royaume-Uni (13.729).<\/p>\n<p>En Espagne, le bilan officiel, qui n&rsquo;inclut que les personnes test\u00e9es positives, est contest\u00e9 par plusieurs r\u00e9gions qui \u00e9voquent des milliers de morts suppl\u00e9mentaires.<\/p>\n<p><strong>4,5 milliards de confin\u00e9s<\/strong><\/p>\n<p>Au moins 4,5 milliards de personnes, soit pr\u00e8s de 58% de la population mondiale, sont appel\u00e9es ou contraintes par leurs autorit\u00e9s \u00e0 rester chez elles, selon un comptage r\u00e9alis\u00e9 vendredi \u00e0 partir d&rsquo;une base de donn\u00e9es de l&rsquo;AFP. Au moins 110 pays et territoires sont concern\u00e9s.<\/p>\n<p><strong>Hydroxychloroquine en Russie<\/strong><\/p>\n<p>Alors que sont recens\u00e9s dans le pays plus de 32.000 cas de Covid-19 dont 4.070 au cours des derni\u00e8res 24 heures, le gouvernement russe autorise le traitement des patients avec l&rsquo;hydroxychloroquine dont l&rsquo;efficacit\u00e9 fait l&rsquo;objet d&rsquo;un d\u00e9bat mondial.<\/p>\n<p><strong>Contraction in\u00e9dite du PIB chinois<\/strong><\/p>\n<p>L&rsquo;\u00e9conomie chinoise a connu un repli de 6,8% au 1er trimestre, son plus mauvais r\u00e9sultat depuis la fin de l&rsquo;\u00e8re mao\u00efste.<\/p>\n<p><strong>L&rsquo;automobile s&rsquo;effondre en Europe<\/strong><\/p>\n<p>Le march\u00e9 automobile europ\u00e9en a chut\u00e9 de 55,1% en mars. L&rsquo;effondrement est spectaculaire en Italie (-85,4%), en France (-72,2%), en Espagne (-69,3%), alors que l&rsquo;Allemagne limite un peu les d\u00e9g\u00e2ts (-37,7%).<\/p>\n<p><strong>Philippines: menace de loi martiale<\/strong><\/p>\n<p>Le pr\u00e9sident philippin Rodrigo Duterte a menac\u00e9 de prendre des mesures de type loi martiale, pour emp\u00eacher les habitants de Manille d&rsquo;enfreindre l&rsquo;obligation de confinement.<\/p>\n<p><strong>Montreux Jazz Festival annul\u00e9<\/strong><\/p>\n<p>Les organisateurs du Montreux Jazz Festival, prestigieuse sc\u00e8ne musicale qui se tient chaque \u00e9t\u00e9 en Suisse depuis 1967, ont annonc\u00e9 l&rsquo;annulation de l&rsquo;\u00e9dition 2020.<\/p>\n<p><strong>Atterrissage r\u00e9ussi<\/strong><\/p>\n<p>Deux astronautes de la Nasa et un cosmonaute russe ont atterri dans les steppes du Kazakhstan, premier retour sur Terre d&rsquo;un \u00e9quipage de de la Station spatiale internationale (ISS) depuis que l&rsquo;Organisation mondiale de la sant\u00e9 (OMS) a d\u00e9clar\u00e9 en mars la pand\u00e9mie.<\/p>\n<p>Auteur: letemps1<br \/>\n<a href=\"http:\/\/www.letemps.com.tn\/article\/112993\/la-chine-r%C3%A9vise-son-bilan-et-leadership-fran%C3%A7ais\">Cliquez ici pour lire l&rsquo;article depuis sa source.<\/a><\/p>\n","protected":false},"excerpt":{"rendered":"<p>Nouveaux bilans, nouvelles mesures, faits marquants: un point sur les derni\u00e8res \u00e9volutions de la pand\u00e9mie de Covid-19, qui a contamin\u00e9 plus de 2,1 millions de personnes dans le monde. Soup\u00e7onn\u00e9e d&rsquo;avoir sous-estim\u00e9 son bilan du coronavirus, la Chine annonce pr\u00e8s de 1.300 morts suppl\u00e9mentaires \u00e0 Wuhan, portant \u00e0 4.632 le nombre de d\u00e9c\u00e8s enregistr\u00e9s dans [&hellip;]<\/p>\n","protected":false},"author":1773,"featured_media":0,"comment_status":"closed","ping_status":"closed","sticky":false,"template":"","format":"standard","meta":{"fifu_image_url":"","fifu_image_alt":"","footnotes":""},"categories":[73,55],"tags":[],"class_list":["post-82757","post","type-post","status-publish","format-standard","hentry","category-actualite","category-tunisie"],"_links":{"self":[{"href":"https:\/\/linitiative.ca\/International\/wp-json\/wp\/v2\/posts\/82757","targetHints":{"allow":["GET"]}}],"collection":[{"href":"https:\/\/linitiative.ca\/International\/wp-json\/wp\/v2\/posts"}],"about":[{"href":"https:\/\/linitiative.ca\/International\/wp-json\/wp\/v2\/types\/post"}],"author":[{"embeddable":true,"href":"https:\/\/linitiative.ca\/International\/wp-json\/wp\/v2\/users\/1773"}],"replies":[{"embeddable":true,"href":"https:\/\/linitiative.ca\/International\/wp-json\/wp\/v2\/comments?post=82757"}],"version-history":[{"count":0,"href":"https:\/\/linitiative.ca\/International\/wp-json\/wp\/v2\/posts\/82757\/revisions"}],"wp:attachment":[{"href":"https:\/\/linitiative.ca\/International\/wp-json\/wp\/v2\/media?parent=82757"}],"wp:term":[{"taxonomy":"category","embeddable":true,"href":"https:\/\/linitiative.ca\/International\/wp-json\/wp\/v2\/categories?post=82757"},{"taxonomy":"post_tag","embeddable":true,"href":"https:\/\/linitiative.ca\/International\/wp-json\/wp\/v2\/tags?post=82757"}],"curies":[{"name":"wp","href":"https:\/\/api.w.org\/{rel}","templated":true}]}}